{"id":98,"date":"2020-04-16T16:18:00","date_gmt":"2020-04-16T14:18:00","guid":{"rendered":"https:\/\/elalifato.blogspot.com\/2020\/04\/no-se-como-amarte-pedr-m-lamet.html"},"modified":"2024-02-02T21:08:13","modified_gmt":"2024-02-02T20:08:13","slug":"no-se-como-amarte-pedro-m-lamet","status":"publish","type":"post","link":"https:\/\/elalifato.blog\/index.php\/2020\/04\/16\/no-se-como-amarte-pedro-m-lamet\/","title":{"rendered":"No s\u00e9 como amarte &#8211; Pedro M. Lamet."},"content":{"rendered":"<div class=\"separator\" style=\"clear:both;text-align:center;\"><a href=\"https:\/\/elalifatoblog.files.wordpress.com\/2020\/10\/f4554-nosecomoamarte_-210x273_mensajero.jpg\" style=\"margin-left:1em;margin-right:1em;\"><span><img fetchpriority=\"high\" decoding=\"async\" border=\"0\" height=\"640\" src=\"https:\/\/elalifatoblog.files.wordpress.com\/2020\/10\/8fc5c-nosecomoamarte_-210x273_mensajero.jpg\" width=\"494\" \/><\/span><\/a><\/div>\n<div style=\"text-align:justify;\"><i><span><br \/>\n<\/span><\/i><\/div>\n<div style=\"text-align:justify;\">\n<div style=\"text-align:center;\"><i><span>Advertencia: Esta entrada esta alejada de ser la t\u00edpica rese\u00f1a, sino que pertenece a un trabajo m\u00e1s exhaustivo sobre la obra. Recomiendo leerla en un ambiente tranquilo y propicio para la reflexi\u00f3n, as\u00ed como tener en cuenta los distintos enlaces que se proponen para ampliar la informaci\u00f3n.<\/span><\/i><\/div>\n<\/div>\n<div style=\"text-align:justify;\"><span><br \/>\n<\/span><\/div>\n<div style=\"text-align:justify;\"><span><br \/>\n<\/span><\/div>\n<div style=\"text-align:justify;\"><span>\u00bfHab\u00e9is tenido alguna vez la sensaci\u00f3n, despu\u00e9s de leer un libro, de que nada os pod\u00eda gustar m\u00e1s, os le\u00e9is otro nuevo, y os sorprende? \u00a1Qu\u00e9 bonito sentimiento! Pues esto mismo me pas\u00f3 a mi con <b><i>&#8220;No s\u00e9 como amarte&#8221;<\/i>,<\/b> y despu\u00e9s de haberlo le\u00eddo creo que el titular de mi vida ser\u00e1 <i>&#8220;No s\u00e9 si me volver\u00e9 a enamorar de otra lectura&#8221;<\/i> porque de verdad, que este ejemplar ha robado mi coraz\u00f3n y ha tirado la llave al fondo del mar.<\/span><\/div>\n<div style=\"text-align:justify;\"><span><br \/>\n<\/span><\/div>\n<div style=\"text-align:justify;\"><span>Lo compr\u00e9 <i>pose\u00edda <\/i>por el esp\u00edritu de Mar\u00eda Magdalena despu\u00e9s de leer la obra de Margaret George. En el env\u00edo le acompa\u00f1aba el Testamento de Mar\u00eda Magdalena, porque aunque ten\u00eda una recopilaci\u00f3n de los Evangelios Ap\u00f3crifos, me apeteci\u00f3 tenerlo como ejemplar a parte y pensaba que se merec\u00eda un peque\u00f1o hueco en mi biblioteca. Todas estas obras las suelo encontrar (y comprar) en Amazon puesto que en cualquier librer\u00eda me resulta m\u00e1s dif\u00edcil de localizar, por no decir, imposible.<\/span><\/div>\n<div style=\"text-align:justify;\"><span><br \/>\n<\/span><\/div>\n<div style=\"text-align:justify;\"><span>Pero el momento de este libro no tendr\u00eda lugar, hasta un poco antes de la cuarentena, solapado a su vez con la novela <i>&#8220;La Papisa&#8221;<\/i>, empezado con mezcla de curiosidad y por qu\u00e9 no reconocerlo, escepticismo, y os explicar\u00e9 por qu\u00e9:<\/span><\/div>\n<div style=\"text-align:justify;\"><span><br \/>\n<\/span><\/div>\n<div style=\"text-align:justify;\"><span>La <b>novela <\/b>es de g\u00e9nero <b>epistolar<\/b>, y os preguntar\u00e9is: <i>\u00bfQu\u00e9 es eso? <\/i>Pues esto significa que el autor se sirve de <b>cartas <\/b>para darle forma a una historia. Esto nunca me ha convencido, aunque he de reconocer que el uso de las cartas en esta novela ha sido muy inteligente por parte del autor y le ha dado forma de una manera magn\u00edfica, tambi\u00e9n Margaret George se acogi\u00f3 a las cartas para escribir el final de su obra Mar\u00eda Magdalena. Esta <b>coincidencia <\/b>y muchas m\u00e1s, las pas\u00e9 a recoger en un papel en blanco conforme iban surgiendo a medida que avanzaba con la lectura, por tanto, una simple lectura pas\u00f3 a convertirse en un verdadero trabajo de investigaci\u00f3n de los que me siento verdaderamente orgullosa.<\/span><\/div>\n<div style=\"text-align:justify;\"><span><br \/>\n<\/span><\/div>\n<div style=\"text-align:justify;\"><span>\u00bfQUI\u00c9N ES <b>ESTA <\/b>MAR\u00cdA MAGDALENA?<\/span><\/div>\n<div style=\"text-align:justify;\"><span>La Mar\u00eda Magdalena de Pedro M. Lamet, es la Mar\u00eda Magdalena a la que estamos <b>acostumbrados<\/b>. Una mujer con una infancia dif\u00edcil, rodeada de malos tratos, que se ve obligada a huir de su hogar infantil para poder obtener la oportunidad de tener una vida mejor.\u00a0<\/span><\/div>\n<div style=\"text-align:justify;\"><span>Mar\u00eda se servir\u00e1 de la \u00fanica herramienta que tiene para sobrevivir, la <b>belleza<\/b>, lo que la abocar\u00e1 al mundo de la <b>prostituci\u00f3n<\/b>. Aqu\u00ed aparece la primera <b>caracter\u00edstica <\/b>de la Mar\u00eda del imaginario colectivo, la Magdalena prostituta. Pero el autor ha querido dotarla de cierta <b>dignidad <\/b>d\u00e1ndole una curiosidad e inteligencia innata, que la llevar\u00e1 a querer aprender todo lo que puede, incluso aunque eso despierte envidias entre las otras mujeres que la rodean.<\/span><\/div>\n<div style=\"text-align:justify;\"><span><br \/>\n<\/span><\/div>\n<div style=\"text-align:justify;\"><span>A diferencia de la Magdalena de Margaret George, que era una <b>ama de casa<\/b>, perteneciente a una familia estructurada, casada y con una hija, pose\u00edda por siete demonios, esta Magdalena (Pedro M. Lamet) no ha estado <b>nunca casada<\/b> (su relaci\u00f3n m\u00e1s cercana al amor ha tenido lugar con un soldado romano llamado Quinto, al que no debemos de perder ojo) su pecado m\u00e1s grave fue ser <b>prostituta<\/b>, y en su caso, los siete demonios no pertenecen a una posesi\u00f3n diab\u00f3lica como tal, sino a las m\u00faltiples violaciones y maltratos a los que ha sido sometida. Estas son las principales <u>diferencias <\/u>que distinguen una Magdalena de otra.<\/span><\/div>\n<div style=\"text-align:justify;\"><span><br \/>\n<\/span><\/div>\n<div style=\"text-align:justify;\"><span>Las <b>semejanzas <\/b>principales, y que dotar\u00e1n el cuerpo de las dos novelas son: La <b>inteligencia <\/b>y curiosidad, que la llevar\u00e1 a ser, en ambos casos, la preferida del Maestro, as\u00ed como el <b>amor<\/b>, el principal m\u00f3vil de ambas, por Jes\u00fas.<\/span><\/div>\n<div style=\"text-align:justify;\"><span><br \/>\n<\/span><\/div>\n<div style=\"text-align:justify;\"><span><br \/>\n<\/span><\/div>\n<div style=\"text-align:justify;\"><span>\u00bfCU\u00c1LES SON LAS DIFERENCIAS Y SIMILITUDES ENTRE LAS DOS MAGDALENAS?<\/span><\/div>\n<div style=\"text-align:justify;\"><span><br \/>\n<\/span><\/div>\n<div style=\"text-align:justify;\"><b><u><span>DIFERENCIAS:<\/span><\/u><\/b><\/div>\n<div style=\"text-align:justify;\"><span><br \/>\n<\/span><\/div>\n<div style=\"text-align:justify;\"><span>1. La <b>Magdalena <\/b>en el <b>desierto<\/b>:<\/span><\/div>\n<div style=\"text-align:justify;\"><span>\u00a0&#8211; Mar\u00eda de Pedro M. Lamet se encuentra en el desierto con la obligaci\u00f3n de huir de un palacio del que ha sido apresada. En \u00e9l la violar\u00e1n y la usar\u00e1n como moneda de cambio, hasta que conoce a Jos\u00e9, un comerciante jud\u00edo que la ayudar\u00e1 y que se convertir\u00e1 en su amigo.<\/span><br \/>\n<span>&#8211; En la obra de M. George, Mar\u00eda va al desierto para deshacerse de los demonios que la habitan mediante el ayuno, y la oraci\u00f3n.<\/span><\/div>\n<div style=\"text-align:justify;\"><span><br \/>\n<\/span><\/div>\n<div style=\"text-align:justify;\"><span>2. Mar\u00eda <b>conoce <\/b>a Jes\u00fas:<\/span><\/div>\n<div style=\"text-align:justify;\"><span>&#8211; La Magdalena de Pedro M. Lamet conoce a Jes\u00fas por lo que escucha en otras voces, en los mercados, etc.<\/span><\/div>\n<div style=\"text-align:justify;\"><span>&#8211; La Mar\u00eda de Margaret George conoce a Jes\u00fas en su infancia, en uno de los viajes pascuales a Jerusal\u00e9n.<\/span><\/div>\n<div style=\"text-align:justify;\"><span><br \/>\n<\/span><\/div>\n<div style=\"text-align:justify;\"><span>3. Una mujer <b>unge <\/b>los pies del <b>maestro<\/b>:<\/span><\/div>\n<div style=\"text-align:justify;\"><span>El episodio en el que una mujer unge los pies del Maestro se repite a lo largo de todo el imaginario que envuelve la historia de Jes\u00fas, por lo que es b\u00e1sico en la historia de Mar\u00eda Magdalena, pero en ambas novelas se narra de forma diferente.\u00a0<\/span><\/div>\n<div style=\"text-align:justify;\"><span>&#8211; Margaret George porque la autora quiso dotarlo de cierta diferencia, y en este caso, era otra mujer la que ung\u00eda los pies de Jes\u00fas, provocando en Magdalena <b>celos <\/b>de esta.\u00a0<\/span><\/div>\n<div style=\"text-align:justify;\"><span>&#8211; En la novela de Pedro M. Lamet, y en el imaginario colectivo, es la <b>propia Mar\u00eda Magdalena <\/b>la que unge y lava los pies de Jes\u00fas con sus l\u00e1grimas, su pelo y aceite esenciales, aunque en otra ocasi\u00f3n tambi\u00e9n mencione que este acontecimiento se vuelve a repetir con Mar\u00eda de Betania (<b>A<\/b>).<\/span><\/div>\n<div style=\"text-align:justify;\"><span><br \/>\n<\/span><\/div>\n<div style=\"text-align:justify;\"><span>4. <b>Herodes Antipas<\/b>, Tetrarca de Galilea, en la vida de Mar\u00eda Magdalena:<\/span><\/div>\n<div style=\"text-align:justify;\"><span>&#8211; Pedro M. Lamet sit\u00faa a Mar\u00eda Magdalena en un baile en honor de Herodes.<\/span><\/div>\n<div style=\"text-align:justify;\"><span>&#8211; M. George introduce a Mar\u00eda en el palacio de Herodes con ayuda de Juana (otra de las mujeres que sigue a Jes\u00fas) y la relaci\u00f3n ser\u00e1 m\u00e1s superficial.<\/span><\/div>\n<div style=\"text-align:justify;\"><span><br \/>\n<\/span><\/div>\n<div style=\"text-align:justify;\"><span>5. Mar\u00eda Magdalena <b>despierta <\/b>el <b>amor <\/b>en los hombres:<\/span><\/div>\n<div style=\"text-align:justify;\"><span>&#8211; Pedro M. Lamet nos retrata a una Magdalena que despierta el inter\u00e9s de todos los hombres que conocen, pero dota de cierto protagonismo solo a dos: Jos\u00e9, que siente un amor sincero por Mar\u00eda y que la pretende como esposa y Quinto, que hace uso de los servicios de Mar\u00eda y que utiliza el amor adolescente que despierta en Mar\u00eda para someterla.<\/span><\/div>\n<div style=\"text-align:justify;\"><span>&#8211; Margaret George prefiere dotar a su Mar\u00eda de cierto virtuosismo por lo que pasa desapercibida (<b>B<\/b>) a los ojos de los hombres, siendo solo atractiva para su esposo, Joel, hasta que lo abandona y <b>Judas Iscariote<\/b>, que pretende formar con ella una familia.<\/span><\/div>\n<div style=\"text-align:justify;\"><span><br \/>\n<\/span><\/div>\n<div style=\"text-align:justify;\"><span>6. Durante los tres a\u00f1os que vive <b>Mar\u00eda <\/b>como disc\u00edpula del Maestro, uno de los <b>disc\u00edpulos <\/b>la <b>acompa\u00f1a <\/b>de una forma m\u00e1s <b>ac\u00e9rrima<\/b>:<\/span><\/div>\n<div style=\"text-align:justify;\"><span>&#8211; Pedro M. Lamet se decanta por Juan, que se convierte en confidente de Mar\u00eda.<\/span><\/div>\n<div style=\"text-align:justify;\"><span>&#8211; Margaret George se inclina por la compa\u00f1\u00eda femenina y se har\u00e1 valer de Juana (<b>C<\/b>) como confidente de Mar\u00eda.<\/span><\/div>\n<div style=\"text-align:justify;\"><span><br \/>\n<\/span><\/div>\n<div style=\"text-align:justify;\"><span>7. La <b>apariencia f\u00edsica de Judas Iscariote<\/b> en ambas obras se describe de forma distinta, y aunque quiz\u00e1s es uno de los detalles m\u00e1s triviales, en mi despert\u00f3 la atenci\u00f3n puesto que en diferentes obras art\u00edsticas religiosas, Judas tiene unas caracter\u00edsticas f\u00edsicas concretas:<\/span><\/div>\n<div style=\"text-align:justify;\"><span>&#8211; Pedro M. Lamet <b>reh\u00fasa <\/b>de describirlo f\u00edsicamente con detalles, pero si que menciona su <b>calvicie <\/b>incipiente.<\/span><\/div>\n<div style=\"text-align:justify;\"><span>&#8211; M. George, en cambio, acude a esa<b> imaginer\u00eda religiosa<\/b> para describirlo f\u00edsicamente con m\u00e1s detalle, y hace referencia a la principal cualidad y es que es <b>pelirrojo <\/b>(<b>D<\/b>), entre otras cualidades.<\/span><\/div>\n<div style=\"text-align:justify;\"><span><br \/>\n<\/span><\/div>\n<div style=\"text-align:justify;\"><span>Para mi, y quiz\u00e1s no sea del todo objetiva, la <b>descripci\u00f3n <\/b>de Judas que m\u00e1s me convence es la de Margaret George, y probablemente la &#8220;<i>culpa<\/i>&#8221; de esto la tenga esta obra de Juan de Juanes, en la que podemos apreciar un Judas pelirrojo, vestido de amarillo (otro estigma), sin corona, con su nombre escrito en la silla y con una bolsa de monedas en la mano derecha.<\/span><\/div>\n<div style=\"text-align:justify;\"><span><br \/>\n<\/span><\/p>\n<div class=\"separator\" style=\"clear:both;text-align:center;\"><a href=\"https:\/\/elalifatoblog.files.wordpress.com\/2020\/10\/bb6ea-25c3259altima_cena_-_juan_de_juanes.jpg\" style=\"margin-left:1em;margin-right:1em;\"><span style=\"color:black;\"><img decoding=\"async\" border=\"0\" height=\"404\" src=\"https:\/\/elalifatoblog.files.wordpress.com\/2020\/10\/bf864-25c3259altima_cena_-_juan_de_juanes.jpg\" width=\"640\" \/><\/span><\/a><\/div>\n<div class=\"separator\" style=\"clear:both;text-align:center;\"><\/div>\n<p><span><br \/>\n<\/span><\/div>\n<div class=\"separator\" style=\"clear:both;text-align:center;\"><a href=\"https:\/\/elalifatoblog.files.wordpress.com\/2020\/10\/7018e-25c3259altima_cena_-_juan_de_juanes.jpg\" style=\"margin-left:1em;margin-right:1em;text-align:justify;\"><span><\/span><\/a><\/div>\n<div class=\"separator\" style=\"clear:both;text-align:center;\"><span><br \/>\n<\/span><\/div>\n<div class=\"separator\" style=\"clear:both;text-align:center;\"><a href=\"https:\/\/elalifatoblog.files.wordpress.com\/2020\/10\/d7014-recorte.png\" style=\"margin-left:1em;margin-right:1em;text-align:justify;\"><span><img decoding=\"async\" border=\"0\" height=\"640\" src=\"https:\/\/elalifatoblog.files.wordpress.com\/2020\/10\/d4865-recorte.png\" width=\"516\" \/><\/span><\/a><\/div>\n<div class=\"separator\" style=\"clear:both;text-align:center;\"><span><br \/>\n<\/span><\/div>\n<p><span><br \/>\n<\/span><\/p>\n<div style=\"text-align:justify;\"><span><br \/>\n<\/span><\/div>\n<div style=\"text-align:justify;\"><span>Conforme va avanzando la lectura, llegamos al momento de la <b>Pasi\u00f3n de Jes\u00fas<\/b> y aqu\u00ed tambi\u00e9n encontramos ciertas diferencias:<\/span><\/div>\n<div style=\"text-align:justify;\"><span><br \/>\n<\/span><\/div>\n<div style=\"text-align:justify;\"><span>8. En el momento del <b>apresamiento <\/b>de Jes\u00fas y de la<b> cena Pascual<\/b>:<\/span><\/div>\n<div style=\"text-align:justify;\"><span>&#8211; Margaret George <b>S\u00cd <\/b>sit\u00faa a las mujeres, especialmente en el momento del apresamiento.<\/span><\/div>\n<div style=\"text-align:justify;\"><span>&#8211; Pedro M. Lamet en cambio, opta por <b>obviarlas<\/b>, sobre todo en el momento del apresamiento, y que reconozco que es mi favorito de toda la Pasi\u00f3n. Quiz\u00e1s en este caso el autor es m\u00e1s fiel a la &#8220;<i>norma<\/i>&#8221; hist\u00f3rica en que las mujeres estaban presentes solo en ciertos momentos de la vida cotidiana, por eso y como tambi\u00e9n hace M. George, en la cena pascual no est\u00e1n presentes como tal en la mesa, sino sirviendo la cena.<\/span><\/div>\n<div style=\"text-align:justify;\"><span><br \/>\n<\/span><\/div>\n<div style=\"text-align:justify;\"><span>9. La figura de <b>Jos\u00e9 de Arimatea<\/b>:<\/span><\/div>\n<div style=\"text-align:justify;\"><span>&#8211; Pedro M. Lamet opta por dotar a Jos\u00e9 de Arimatea, miembro del Sanedr\u00edn y disc\u00edpulo en la sombra de Jes\u00fas, de un <b>protagonismo <\/b>especial, nunca antes visto por mi en ninguna obra anterior de este estilo. Le da un peque\u00f1o papel como <b>narrador <\/b>en la ausencia de Mar\u00eda.<\/span><\/div>\n<div style=\"text-align:justify;\"><span>&#8211; Margaret George en cambio, utiliza el imaginario colectivo y lo sit\u00faa tan solo en el momento de la <b>crucifixi\u00f3n <\/b>a la hora de descenderlo de la cruz, y enterrarlo en su sepulcro privado.<\/span><\/div>\n<div style=\"text-align:justify;\"><span><br \/>\n<\/span><\/div>\n<div style=\"text-align:justify;\"><span>Pero el papel de Jos\u00e9 de Arimatea, por el que reconozco que tengo especial debilidad, es mucho mayor y lo comentaremos a continuaci\u00f3n en el apartado de Curiosidades y Recursos Estil\u00edsticos.<\/span><\/div>\n<div style=\"text-align:justify;\"><span><br \/>\n<\/span><\/div>\n<div style=\"text-align:justify;\"><span><u>SEMEJANZAS<\/u>:<\/span><\/div>\n<div style=\"text-align:justify;\"><span><br \/>\n<\/span><\/div>\n<div style=\"text-align:justify;\"><span>&#8211; <b>Juana<\/b>, aparece el las dos obras, como una <b>disc\u00edpula <\/b>m\u00e1s, con mayor o menor protagonismo, pero no es la \u00fanica que junto con Mar\u00eda Magdalena siguen a Jes\u00fas.<\/span><\/div>\n<div style=\"text-align:justify;\"><span>&#8211; Jes\u00fas cena y convive con <b>pecadores <\/b>y <b>publicanos<\/b>, y es sometido en reiteradas ocasiones a las trampas del Sanedr\u00edn.<\/span><\/div>\n<div style=\"text-align:justify;\"><span>&#8211; Mar\u00eda Magdalena despierta los <b>prejuicios <\/b>de los disc\u00edpulos y especialmente, los <b>celos <\/b>de Pedro.<\/span><\/div>\n<div style=\"text-align:justify;\"><span>&#8211; <b>Pedro <\/b>aparece en ambas obras como un hombre <b>impulsivo<\/b>, incluso en ocasiones, agresivo (v\u00e9ase <a href=\"https:\/\/www.biblestudytools.com\/rvr\/mateo\/passage\/?q=mateo+26:51-52\" target=\"_blank\" rel=\"noopener\">Mateo 26:51<\/a>) pero que esconde un alma infantil e inocente.<\/span><\/div>\n<div style=\"text-align:justify;\"><span>&#8211; <b>Juan <\/b>es visto como un <b>joven<\/b>, delicado y culto, dotado de cierta feminidad, y es visto por todos como el preferido del Maestro.<\/span><\/div>\n<div style=\"text-align:justify;\"><span>&#8211; El papel de <b>Judas Iscariote<\/b> en ambas obras (que despierta en mi much\u00edsima curiosidad) es la de <b>administrador del dinero<\/b>, que curiosamente han aportado en su mayor\u00eda las mujeres del grupo, es tan grande su preocupaci\u00f3n por el que incluso critica duramente a la mujer (A), por el desperdicio del dinero que suponen los perfumes utilizados para limpiar los pies de Jes\u00fas.<\/span><\/div>\n<div style=\"text-align:justify;\"><span>Tambi\u00e9n es curioso que ambos autores dejan claro en las obras que casi al final de la \u00e9poca de predicaci\u00f3n de Jes\u00fas, Judas empieza a sentirse decepcionado con las ideas de su Maestro y se abre un cisma entre los dos, que traer\u00e1 como consecuencia, la postrera traici\u00f3n.<\/span><\/div>\n<div style=\"text-align:justify;\"><span>&#8211; Ambas <b>Mar\u00edas <\/b>(P. M. Lamet &#8211; M. George) intentan <b>salvar <\/b>a Jes\u00fas de la crucifixi\u00f3n de alguna forma, aunque en esto estan de acuerdo los autores, encuentr\u00e1n diferentes historias para narrar el acontecimiento:<\/span><\/div>\n<p><span><br \/>\n<\/span><\/p>\n<ul>\n<li style=\"text-align:justify;\"><span>Mientras que Pedro M. Lamet se decanta porque su Magdalena utilice sus <b>atributos f\u00edsicos<\/b> y la pasada historia de amor con su amante Quinto, el cual est\u00e1 presente en el juicio, para intentar salvar a Jes\u00fas.<\/span><\/li>\n<li style=\"text-align:justify;\"><span>Margaret George en cambio, nos propone una Magdalena <b>impulsiva<\/b>, que en el momento de la crucifixi\u00f3n, se lanza a la cruz para salvar a su amado.<\/span><\/li>\n<\/ul>\n<div style=\"text-align:justify;\"><span>&#8211; La<b> relaci\u00f3n de Mar\u00eda<\/b>, la madre de Jes\u00fas, con la Magdalena y con Juan es, en los dos relatos, una relaci\u00f3n materno filial (v\u00e9ase\u00a0<a href=\"https:\/\/www.biblegateway.com\/passage\/?search=Juan+19%3A26&amp;version=RVR1960\" target=\"_blank\" rel=\"noopener\">Juan 19:26<\/a>).<\/span><\/div>\n<div style=\"text-align:justify;\"><span>&#8211; <b>Pedro<\/b>, tras el apresamiento de Jes\u00fas y su posterior negaci\u00f3n (v\u00e9ase\u00a0<a href=\"https:\/\/www.biblegateway.com\/passage\/?search=lucas+22%3A54&amp;version=RVR1960\" target=\"_blank\" rel=\"noopener\">Lucas 22:54<\/a>)\u00a0de relaci\u00f3n entre los dos, tal y como Jes\u00fas predijo que ocurrir\u00eda, aparece <b>destrozado <\/b>y profundamente arrepentido, tal es su dolor, que acude a Mar\u00eda Magdalena para buscar consuelo.<\/span><\/div>\n<p><span><br \/>\n<\/span><\/p>\n<div style=\"text-align:justify;\"><span><br \/>\n<\/span><\/div>\n<div style=\"text-align:justify;\"><span>Aqu\u00ed termina la relaci\u00f3n de similitudes y diferencias secundarias, que est\u00e1n m\u00e1s a la vista de aquellos que han tenido la oportunidad de leer las dos obras en un peque\u00f1o lapso de tiempo. Pero el <b>prodigio <\/b>de esta obra, a mi parecer, no reside solo en esto, sino en las diferentes curiosidades y recursos estil\u00edsticos y art\u00edsticos que el autor ha utilizado para dotar de cuerpo y veracidad la obra. En este caso analizaremos tan solo la obra de Pedro M. Lamet.<\/span><\/div>\n<div style=\"text-align:justify;\"><span><br \/>\n<\/span><\/div>\n<div style=\"text-align:justify;\"><span><br \/>\n<\/span><\/div>\n<div style=\"text-align:justify;\"><span>CURIOSIDADES Y RECURSOS ESTIL\u00cdSTICOS \/ ART\u00cdSTICOS.<\/span><\/div>\n<div style=\"text-align:justify;\"><span><br \/>\n<\/span><\/div>\n<div style=\"text-align:justify;\"><span>Una de las cosas que m\u00e1s capt\u00f3 mi atenci\u00f3n conforme iba avanzando en la lectura de la obra, fue la gran<b> carga cr\u00edtica<\/b> a la religi\u00f3n y a los religiosos, con la que el autor hab\u00eda dotado a los <b>personajes<\/b>, en este caso a Mar\u00eda Magdalena que era la que abarcaba el protagonismo de esta novela con sus ep\u00edstolas a un Jes\u00fas, ya fallecido. Y dice as\u00ed:<\/span><\/div>\n<div style=\"text-align:justify;\"><span><i>&#8220;No eres de ayuno, sino de banquete; no de estancias oscuras, sino del campo y aire libre. Para disfrutar de tu perd\u00f3n no hay que sumergirse en el Jord\u00e1n ni peregrinar al templo de Jerusal\u00e9n&#8221; <\/i>(P. 145) o <i>&#8220;Los fariseos y letrados esravan iendo amenazado contigo du pofrt: reducidos los ingresos de esa f\u00e1brica de dinero que es el templo de Jerusal\u00e9n, perdidas sus prebendas, desmontados sus trucos, sus leyes vac\u00edas con las que preenden oprimir y manipular la conciencia de la gente&#8221;<\/i> (P.194)<\/span><\/div>\n<div style=\"text-align:justify;\"><span><br \/>\n<\/span><\/div>\n<div style=\"text-align:justify;\"><span>Esta cr\u00edtica no ser\u00eda solo aplicable al <b>juda\u00edsmo <\/b>de la \u00e9poca y a aquellos miembros del Sanedr\u00edn que condenaron a Jes\u00fas a la cruz, sino que tambi\u00e9n ser\u00eda extrapolable, en mi opini\u00f3n, a la <b>Iglesia <\/b>de nuestros d\u00edas y a algunos de los miembros que la componen.<\/span><\/div>\n<div style=\"text-align:justify;\"><span><br \/>\n<\/span><\/div>\n<div style=\"text-align:justify;\"><span>Otra particularidad a tener en cuenta es que el autor hace continuas <b>referencias <\/b>(pr\u00e1cticamente en todas las p\u00e1ginas hay dos o tres citas) al <b>Antiguo y Nuevo Testamento<\/b>. M\u00e1s tarde, en el Ap\u00e9ndice, P.M. Lamet pedir\u00e1 disculpas por si este recurso ha podido, en alg\u00fan momento, despistar al lector, pero por lo que a mi respecta me pareci\u00f3 una <b>t\u00e9cnica <\/b>estupenda para seguir el hilo, dar veracidad al relato, y aprender las escrituras, o en su defecto, situarlas.<\/span><\/div>\n<div style=\"text-align:justify;\"><span><br \/>\n<\/span><\/div>\n<p><a href=\"https:\/\/elalifatoblog.files.wordpress.com\/2020\/10\/a84ce-recorte2b2.png\" style=\"clear:left;float:left;margin-bottom:1em;margin-right:1em;text-align:justify;\"><span><img loading=\"lazy\" decoding=\"async\" border=\"0\" height=\"320\" src=\"https:\/\/elalifatoblog.files.wordpress.com\/2020\/10\/a9799-recorte2b2.png\" width=\"308\" \/><\/span><\/a><\/p>\n<div style=\"text-align:justify;\"><span>De entre todas las referencias a las escrituras, pero especialmente a los Evangelios, llam\u00f3 poderosamente mi atenci\u00f3n el hecho de que el <b>Evangelio <\/b>m\u00e1s mencionado fuera el de <b>Juan <\/b>y es que, al ser el \u00fanico disc\u00edpulo que permaneci\u00f3 al lado del Maestro y que muri\u00f3 por causas naturales, <b>\u00bfpodr\u00eda ser el suyo el Evangelio m\u00e1s veraz? <\/b>Dejo la pregunta abierta y que cada uno responda por si mismo.<\/span><\/div>\n<p><span><br \/>\n<\/span><\/p>\n<div style=\"text-align:justify;\"><span><br \/>\n<\/span><\/div>\n<div style=\"text-align:justify;\"><span>La figura de <b>Juan <\/b>es una de mis favoritas, porque es de las que m\u00e1s ternura me despierta, por lo que sabemos es el disc\u00edpulo m\u00e1s joven, y la forma de representarlo siempre ser\u00e1 a la derecha de Jes\u00fas e imberbe (Recurro, de nuevo, a la obra de Juan de Juanes para ense\u00f1aros el aspecto de Juan):<\/span><\/div>\n<div style=\"text-align:justify;\"><span><br \/>\n<\/span><\/div>\n<p><a href=\"https:\/\/elalifatoblog.files.wordpress.com\/2020\/10\/20616-disc25c325adpulo2bamado2b-.jpg\" style=\"clear:right;float:right;margin-bottom:1em;margin-left:1em;text-align:justify;\"><span><img loading=\"lazy\" decoding=\"async\" border=\"0\" height=\"200\" src=\"https:\/\/elalifatoblog.files.wordpress.com\/2020\/10\/89cf2-disc25c325adpulo2bamado2b-.jpg\" width=\"150\" \/><\/span><\/a><\/p>\n<div style=\"text-align:justify;\"><span>Pero sin duda, una de las partes que m\u00e1s me gusto de la novela y que m\u00e1s me emocion\u00f3 fue cuando en el momento de la Santa Cena, el autor relata como Juan se acurruca como un ni\u00f1o en el pecho de su Maestro, aprovechando su <b>predilecci\u00f3n<\/b>, para que le dijera cual de todos ellos era el que le iba a traicionar. Conforme iba leyendo esta escena, me imaginaba la representaci\u00f3n, tal como esta:<\/span><\/div>\n<p><span><br \/>\n<\/span><\/p>\n<div style=\"text-align:justify;\"><span><br \/>\n<\/span><\/div>\n<div style=\"text-align:justify;\"><span>Y es que Juan conoc\u00eda bien, el &#8220;<i>poder<\/i>&#8221; (enti\u00e9ndase la palabra <i>poder <\/i>en el mejor de los sentidos) que ejerc\u00eda sobre Jes\u00fas, tanto es as\u00ed que hasta \u00e9l mismo se reconoce como el &#8220;<b>Disc\u00edpulo Amado<\/b>&#8221; y dedica un peque\u00f1o cap\u00edtulo de su Evangelio a representar en una escena, como era su relaci\u00f3n con Jes\u00fas, incluso despu\u00e9s de resucitado (ve\u00e1se\u00a0<a href=\"https:\/\/www.biblegateway.com\/passage\/?search=juan+21%3A20-25&amp;version=RVR1960\" target=\"_blank\" rel=\"noopener\">Juan 21:20-25<\/a>).<\/span><\/div>\n<div style=\"text-align:justify;\"><span><br \/>\n<\/span><\/div>\n<div style=\"text-align:justify;\"><span>El autor utiliza un <b>recurso <\/b>precioso, y que nunca antes hab\u00eda le\u00eddo si no hubiera sido en las Escrituras, para &#8220;calmar&#8221; de alguna forma el malestar que puede sentir el lector ante el arrepentimiento de Pedro tras negar a Jes\u00fas tres veces, y es que Pedro M. Lamet acude directamente al <b>vers\u00edculo\u00a0<\/b><a href=\"https:\/\/www.biblegateway.com\/passage\/?search=juan+21%3A15-19&amp;version=RVR1960\" target=\"_blank\" rel=\"noopener\">Juan 21:15-19<\/a>\u00a0en el que Jes\u00fas, despu\u00e9s de resucitado le pregunta a Pedro en tres ocasiones, si lo ama, y este tiene la oportunidad de responderle en tres ocasiones &#8220;S\u00ed&#8221;, produci\u00e9ndose as\u00ed una especie de reconciliaci\u00f3n del lector con Pedro, que despierta una especial ternura por el Ap\u00f3stol sobre el que se fund\u00f3 la Iglesia de Cristo.<\/span><\/div>\n<div style=\"text-align:justify;\"><span><br \/>\n<\/span><\/div>\n<div style=\"text-align:justify;\"><span>Una curiosidad m\u00e1s, respecto a los disc\u00edpulos, es el momento de <b>escepticismo <\/b>de <b>Tom\u00e1s <\/b>(ve\u00e1se\u00a0<a href=\"https:\/\/www.biblegateway.com\/passage\/?search=juan+20%3A24-29&amp;version=RVR1960\" target=\"_blank\" rel=\"noopener\">Juan 20:24-29<\/a>) el cual no cree en la resurrecci\u00f3n de Jes\u00fas hasta que no pueda tocar sus heridas.<\/span><\/div>\n<div style=\"text-align:justify;\"><span><br \/>\n<\/span><\/div>\n<div style=\"text-align:justify;\"><span>Pedro M. Lamet, a trav\u00e9s de Mar\u00eda Magdalena, hace alusi\u00f3n a que la <b>cena pascual <\/b>se <b>adelant\u00f3 <\/b>al jueves cuando tendr\u00eda que haber tenido lugar un viernes (el viernes tuvo lugar la muerte y posterior entierro de Jes\u00fas).<\/span><\/div>\n<div style=\"text-align:justify;\"><span><br \/>\n<\/span><\/div>\n<div style=\"text-align:justify;\"><span>Merece especial menci\u00f3n el<b> hombre de Cirene<\/b> que ayud\u00f3 a Jes\u00fas a transportar la cruz hasta el monte G\u00f3lgota al estar al l\u00edmite de sus fuerzas, que si aparece en esta obra pero que no es usual, aunque yo si conoc\u00eda una referencia de alg\u00fan tipo a su figura pero no gracias al imaginario colectivo, as\u00ed como que el autor dota de <b>nombres <\/b>a los <b>reos <\/b>que acompa\u00f1an a Jes\u00fas en su crucifixi\u00f3n, uno le echa en cara la nulidad de su poder como mes\u00edas (Gestas), mientras que Dimas, le pide que se acuerde de \u00e9l cuando llegue a su reino.<\/span><\/div>\n<div style=\"text-align:justify;\"><span><br \/>\n<\/span><\/div>\n<div style=\"text-align:justify;\"><span>El recurso del<b> tri\u00e1ngulo amoroso<\/b> que utiliza el autor para situar en la misma escena a Quinto (primer amor de Mar\u00eda) &#8211; Jes\u00fas (su verdadero amor) y ella misma. Quinto ser\u00e1 el personaje que utilizar\u00e1 Pedro M. Lamet para <b>lancear <\/b>a Jes\u00fas.<\/span><\/div>\n<div style=\"text-align:justify;\"><span><br \/>\n<\/span><\/div>\n<div style=\"text-align:justify;\">\n<table cellpadding=\"0\" cellspacing=\"0\" class=\"tr-caption-container\" style=\"float:left;margin-right:1em;text-align:left;\">\n<tbody>\n<tr>\n<td style=\"text-align:center;\"><a href=\"https:\/\/elalifatoblog.files.wordpress.com\/2020\/10\/0ef9a-inri_1cartel.png\" style=\"clear:left;margin-bottom:1em;margin-left:auto;margin-right:auto;\"><img loading=\"lazy\" decoding=\"async\" border=\"0\" height=\"164\" src=\"https:\/\/elalifatoblog.files.wordpress.com\/2020\/10\/755d7-inri_1cartel.png\" width=\"320\" \/><\/a><\/td>\n<\/tr>\n<tr>\n<td class=\"tr-caption\" style=\"text-align:center;\"><span>Esta ser\u00eda, m\u00e1s o menos, la apariencia del cartel de INRI que<\/span><br \/>\n<span><span style=\"font-size:xx-small;\">\u00a0colgar\u00eda\u00a0sobre la cruz. Estar\u00eda escrito en arameo, griego y lat\u00edn<\/span>.<\/span><\/td>\n<\/tr>\n<\/tbody>\n<\/table>\n<p><span>El autor nos explica el <\/span><b>impacto <\/b><span>que tiene sobre el Sanedr\u00edn el hecho de que sobre la cabeza de Jes\u00fas cuelgue el cartel con el motivo de su muerte y este no es m\u00e1s que:<\/span><i style=\"font-size:small;\"> <span>I<\/span><\/i><span style=\"background-color:white;\"><i style=\"font-size:small;\"><span>ESVS NAZARENVS REX IVDAEORVM (INRI)<\/span> <\/i><span>que viene a significar &#8220;Jes\u00fas de Nazaret, rey de los Jud\u00edos&#8221; y que supone la peque\u00f1a venganza de Pilatos contra los miembros del Sanedr\u00edn, que le piden encarecidamente, que cambie el apelativo &#8220;rey de los jud\u00edos&#8221; por &#8220;el que dice ser rey de los jud\u00edos&#8221;.<\/span><\/span><br \/>\n<span><br \/>\n<\/span><span><br \/>\n<\/span><span>Tambi\u00e9n entra en <\/span><b>detalles <\/b><span>sobre la <\/span><b>hora <\/b><span>a la que se cree que tendr\u00eda lugar su muerte (hora <\/span><i>nona<\/i><span>) que viene a ser sobre las 15.00 de la tarde o que tras la crucifixi\u00f3n y muerte de Jes\u00fas, se produjo un <\/span><b>terremoto <\/b><span>y el cielo se torn\u00f3 oscuro hasta el d\u00eda siguiente, lo cual podr\u00eda tener cierta veracidad hist\u00f3rica puesto que con la ayuda del Evangelio de San Mateo y los datos geol\u00f3gicos del momento se ha podido establecer alg\u00fan tipo de tormenta de arena o un fen\u00f3meno similar (<\/span><a href=\"https:\/\/www.abc.es\/ciencia\/abci-terremoto-revela-crucifixion-jesus-201205280000_noticia.html?ref=https%3A%2F%2Fwww.google.es%2F\" target=\"_blank\" rel=\"noopener\">Terremoto el d\u00eda de la Crucifixi\u00f3n<\/a><span>).<\/span><\/div>\n<div style=\"text-align:justify;\"><span><br \/>\n<\/span><span><span style=\"background-color:white;\">Como anteriormente he hecho referencia, el momento del <b>apresamiento <\/b>en el<b> Huerto de Getseman\u00ed<\/b> es uno de mis favoritos por la gran carga <b>dram\u00e1tica <\/b>que contiene y porque en \u00e9l, se produce un fen\u00f3meno f\u00edsico que recibe el nombre de &#8220;<b><u>hematohidrosis<\/u><\/b>&#8220;, m\u00e1s conocido como &#8220;sudar sangre&#8221; y es una rareza f\u00edsica que se produce en un caso de cada ocho millones de personas. Esto se da cuando el individuo al que le ocurre, se ve sometido a un <b>caso extremo <\/b>de <b>estr\u00e9s <\/b>o miedo. Aqu\u00ed vemos al Jes\u00fas m\u00e1s <b>humano<\/b>, que sabe conoce su destino y que literalmente, est\u00e1 <i>muerto de miedo<\/i>. Este episodio esta magn\u00edficamente representado en la pel\u00edcula<b> &#8220;La Pasi\u00f3n de Cristo&#8221;<\/b> (es lo \u00fanico que he alcanzado a ver) y que adem\u00e1s, es el comienzo de esta, pero es que el autor<b> Pedro M. Lamet<\/b> no se ha quedado atr\u00e1s, lo narra de forma sensacional en los labios de <b>Lucas<\/b>, apoy\u00e1ndose en su condici\u00f3n real de <b>m\u00e9dico<\/b>, y que se lo explica a Mar\u00eda (que no ha estado presente en el apresamiento) d\u00e1ndole incluso, a ella misma, el nombre cient\u00edfico<\/span><\/span><br \/>\n<span><span style=\"background-color:white;\">.<\/span><\/span><br \/>\n<span><span style=\"background-color:white;\">A continuaci\u00f3n os adjunto <b>dos im\u00e1genes<\/b> que dan cuenta de lo que os digo:<\/span><\/span><br \/>\n<span><span style=\"background-color:white;\"><br \/>\n<\/span><\/span><\/p>\n<table cellpadding=\"0\" cellspacing=\"0\" class=\"tr-caption-container\" style=\"float:right;margin-left:1em;text-align:right;\">\n<tbody>\n<tr>\n<td style=\"text-align:center;\"><a href=\"https:\/\/elalifatoblog.files.wordpress.com\/2020\/10\/0591e-jesus-orando-en-el-huerto-de-getsemani-sudando-gotas-de-sangre.jpg\" style=\"clear:right;margin-bottom:1em;margin-left:auto;margin-right:auto;\"><span style=\"color:black;\"><img loading=\"lazy\" decoding=\"async\" border=\"0\" height=\"165\" src=\"https:\/\/elalifatoblog.files.wordpress.com\/2020\/10\/397ca-jesus-orando-en-el-huerto-de-getsemani-sudando-gotas-de-sangre.jpg\" width=\"320\" \/><\/span><\/a><\/td>\n<\/tr>\n<tr>\n<td class=\"tr-caption\" style=\"text-align:center;\"><span>Imagen 1.<\/span><\/td>\n<\/tr>\n<\/tbody>\n<\/table>\n<p><span><span style=\"background-color:white;\">1. En la <b>imagen 1<\/b>, ten\u00e9is un fotograma perteneciente a la pel\u00edcula <b>&#8220;La Pasi\u00f3n de Cristo&#8221;<\/b>. Esta pel\u00edcula, como ya he dicho, comienza en el Huerto de los Olivos (o Getseman\u00ed, como a mi me gusta llamarle), y aunque de forma muy sutil se puede ver como Mel Gibson representa justo de lo que se trata el fen\u00f3meno de la <b>hematohidrosis<\/b>, que no son gotas de sangre, como muchos tendemos a imaginar, recorriendo el cuerpo, sino que son <b>peque\u00f1os <\/b>puntos que se abren en la piel.<\/span><\/span><br \/>\n<span><span style=\"background-color:white;\"><br \/>\n<\/span><\/span><\/p>\n<table cellpadding=\"0\" cellspacing=\"0\" class=\"tr-caption-container\" style=\"float:right;margin-left:1em;text-align:right;\">\n<tbody>\n<tr>\n<td style=\"text-align:center;\"><a href=\"https:\/\/elalifatoblog.files.wordpress.com\/2020\/10\/08172-oracion.jpeg\" style=\"clear:right;margin-bottom:1em;margin-left:auto;margin-right:auto;\"><span style=\"color:black;\"><img loading=\"lazy\" decoding=\"async\" border=\"0\" height=\"320\" src=\"https:\/\/elalifatoblog.files.wordpress.com\/2020\/10\/79d1e-oracion.jpeg\" width=\"265\" \/><\/span><\/a><\/td>\n<\/tr>\n<tr>\n<td class=\"tr-caption\" style=\"text-align:center;\"><span>Imagen 2.<\/span><\/td>\n<\/tr>\n<\/tbody>\n<\/table>\n<p><span><span style=\"background-color:white;\">2. La <b>imagen 2<\/b>\u00a0pertenece a una de mis tallas favoritas de la Semana Santa Marinera de Valencia, es la <b>Oraci\u00f3n de Jes\u00fas en el Huerto<\/b>, y aunque aqu\u00ed es mucho m\u00e1s dif\u00edcil observarlo, he tenido la suerte de ver la talla en persona, bien cerca, y os he se\u00f1alado, mediante <i><b>c\u00edrculos<\/b><\/i>, cuales son los puntos de sangre.<\/span><\/span><\/p>\n<\/div>\n<div style=\"text-align:justify;\"><span>Y para finalizar este apartado, quisiera contar un poco acerca de <b>Jos\u00e9 de Arimatea<\/b>, que en mi opini\u00f3n tiene un papel fundamental y que es el gran olvidado en el relato de la <b>Pasi\u00f3n<\/b>. Jos\u00e9 de Arimatea, no solo era un seguidor de Jes\u00fas en la sombra, tanto el como Nicodemo, eran miembros del Sanedr\u00edn e intercedieron por Jes\u00fas en las distintas ocasiones en los que el resto de miembros intentaban atacarlo mediante la excusa de que hab\u00eda blasfemado contra Dios, por decir ser su hijo.<\/span><\/div>\n<div style=\"text-align:justify;\"><span>Jos\u00e9 de Arimatea, despertaba grandes envidias entre su c\u00edrculo, pues pose\u00eda grandes negocios que daban sus frutos y adem\u00e1s ostentaba el cargo de <i>decurio <\/i>por lo que ten\u00eda una gran relaci\u00f3n con Poncio Pilato, el fue el que obtuvo el permiso para poder enterrar a Jes\u00fas, pues los crucificados eran tirados, en el mejor de los casos, a una fosa com\u00fan, y adem\u00e1s le cedi\u00f3 su tumba para ello.<\/span><\/div>\n<div style=\"text-align:justify;\"><span>La relaci\u00f3n de Jos\u00e9 de Arimatea con Jes\u00fas no era solo de disc\u00edpulo &#8211; maestro sino que, adem\u00e1s, estaban emparentados. Jos\u00e9 de Arimatea era primo de Joaqu\u00edn, padre de Mar\u00eda, lo que lo convert\u00eda en su t\u00edo abuelo, el cual asumi\u00f3 su tutela tras la muerte de su padre, Jos\u00e9.<\/span><\/div>\n<div style=\"text-align:justify;\"><span><br \/>\n<\/span><\/div>\n<div style=\"text-align:justify;\"><span><br \/>\n<\/span><\/div>\n<div style=\"text-align:justify;\"><span>\u00bfESTA BASADO EL JES\u00daS DE PEDRO M. LAMET EN EL HOMBRE SIND\u00d3NICO?<\/span><\/div>\n<div style=\"text-align:justify;\"><span><br \/>\n<\/span><\/div>\n<div style=\"text-align:justify;\"><span>A esta pregunta podr\u00edamos responder que <b>S\u00cd<\/b>. Y a continuaci\u00f3n os explicar\u00e9, de forma breve, por qu\u00e9:<\/span><\/div>\n<div style=\"text-align:justify;\"><span><br \/>\n<\/span><\/div>\n<div style=\"text-align:justify;\"><span>El autor tiene en cuenta, ciertas <b>consideraciones <\/b>que se han tenido, tras el estudio del hombre de la S\u00edndone, mas conocida como S\u00e1bana Santa. A esta S\u00e1bana se le han realizado multitud de pruebas, entre ellas, una autopsia por lo que se determino que:<\/span><\/div>\n<p><span><br \/>\n<\/span><\/p>\n<ol>\n<li style=\"text-align:justify;\"><span>El hombre de la\u00a0<a href=\"http:\/\/linteum.com\/la-sindone-de-turin.php\" target=\"_blank\" rel=\"noopener\">S\u00edndone<\/a> portaba un <b>casco <\/b>de <b>espinas<\/b>.<\/span><\/li>\n<li style=\"text-align:justify;\"><span>Ten\u00eda distintas heridas alrededor del cuerpo provocadas por un <i>flagrum <\/i>(<b>E<\/b>).<\/span><\/li>\n<li style=\"text-align:justify;\"><span>El hombre sind\u00f3nico ten\u00eda el <b>cart\u00edlago nasal fracturado<\/b>, diferentes <b>salivazos<\/b>, y nula visi\u00f3n en el<b> ojo izquierdo<\/b>, provocado por un pu\u00f1etazo propinado por un zurdo.<\/span><\/li>\n<li style=\"text-align:justify;\"><span>Port\u00f3 el <i><b>patibulum <\/b><\/i>(<b>F<\/b>) a diferencia de lo que recoge la mayor\u00eda de pel\u00edculas y obras de arte en las que Jes\u00fas portea una cruz. La Pasi\u00f3n de Cristo es de las pel\u00edculas que mejor retratan la Pasi\u00f3n seg\u00fan los evangelios y el hombre sind\u00f3nico.<\/span><\/li>\n<li style=\"text-align:justify;\"><span>Fue <b>lanzeado <\/b><i>postmortem<\/i>. A diferencia de los crucificados habituales, a los que se les part\u00eda las piernas, para que de esta forma perdieran el punto de apoyo, y por fin, murieran asfixiados (ese era el objetivo de la muerte en la cruz; la asfixia) a Jes\u00fas no se le partieron las piernas, sino que el pereci\u00f3 en la cruz, cumpliendo as\u00ed con las escrituras (ve\u00e1se\u00a0<a href=\"https:\/\/www.biblegateway.com\/passage\/?search=juan+19%3A36&amp;version=RVR1960\" target=\"_blank\" rel=\"noopener\">Juan 19:36<\/a>\u00a0\u2192\u00a0<a href=\"https:\/\/www.biblegateway.com\/passage\/?search=salmos+34%3A20&amp;version=RVR1960\" target=\"_blank\" rel=\"noopener\">Salmos 34:20<\/a>) (<b>G<\/b>)).<\/span><\/li>\n<li style=\"text-align:justify;\"><span>Referencia al <b>empleo <\/b>del\u00a0<b><a href=\"http:\/\/linteum.com\/el-santo-sudario-de-oviedo.php\" target=\"_blank\" rel=\"noopener\">Sudario<\/a> <\/b>en la tumba, aunque en realidad se usar\u00eda en el descendimiento de la cruz.<\/span><\/li>\n<\/ol>\n<div style=\"text-align:justify;\"><span>Estas 6 <b>caracter\u00edsticas<\/b>, entre otras muchas, son las que utiliza el autor para describir la Pasi\u00f3n que sufre el Jes\u00fas de su obra por lo que podr\u00edamos determinar, que Pedro M. Lamet hace valer sus conocimientos o las diferentes fuentes a cerca de la S\u00edndone y el Sudario para formar esta Pasi\u00f3n particular.<\/span><\/div>\n<div style=\"text-align:justify;\"><span><br \/>\n<\/span><\/div>\n<div style=\"text-align:justify;\"><span><br \/>\n<\/span><\/div>\n<div style=\"text-align:justify;\"><span>M\u00c9TODO DE TRABAJO.<\/span><\/div>\n<div style=\"text-align:justify;\"><span><br \/>\n<\/span><\/div>\n<div style=\"text-align:justify;\"><span>Desde que comenc\u00e9 esta lectura, hasta que empec\u00e9 a encontrar similitudes y diferencias, cog\u00ed l\u00e1piz y papel y empece a establecer unos <b>esquemas comparativos<\/b> que me parec\u00eda importantes plasmar en esta rese\u00f1a que se ha convertido en un particular (y peque\u00f1o) proyecto de investigaci\u00f3n y que termin\u00f3 <b>ampli\u00e1ndose <\/b>al reiterado uso de la Biblia para encontrar aquellas escrituras que no conoc\u00eda, y que termin\u00e9 por aprender pr\u00e1cticamente de memoria, as\u00ed como los conocimientos que ya ten\u00eda sobre la <b>S\u00e1bana Santa<\/b> y que os he ido enlazando en palabras clave (como lo he hecho con diferentes vers\u00edculos). Tambi\u00e9n he acudido a mi <b>libro <\/b>de culto particular en todo lo relacionado con los estudios sind\u00f3nicos como es &#8220;<i>S\u00e1bana Santa. Lo nunca contado &#8211; Santiago V\u00e1zquez<\/i>&#8221; o el uso de las <b>obras <\/b>art\u00edsticas a lo largo de este <i>post <\/i>como la Santa Cena de Juan de Juanes o el otro icono que representa al Disc\u00edpulo Amado, del cual, no he encontrado la autor\u00eda.<\/span><\/div>\n<div style=\"text-align:justify;\"><span>Reitero a lo largo de este <i>post <\/i>la expresi\u00f3n <i><b>&#8220;imaginario colectivo&#8221; <\/b><\/i>porque no encontraba una mejor definici\u00f3n para referirme a aquellas im\u00e1genes que tenemos en nuestra cabeza de los peque\u00f1os pasajes b\u00edblicos que podemos conocer gracias a pel\u00edculas, obras de arte, lecturas, o simplemente a nuestros pocos conocimientos como individuos pertenecientes a una cultura judeocristiana. Destacar que la mejor pel\u00edcula para conocer de una forma lo m\u00e1s ver\u00eddica posible, y como menciono anteriormente, es la Pasi\u00f3n de Cristo, aunque reconozco que aun no he tenido el valor de ver, por la crudeza de sus im\u00e1genes.<\/span><\/div>\n<div style=\"text-align:justify;\"><span>Como mi <i>colega<\/i>, Pedro M. Lamet, <b>disculparme <\/b>ante tal <b>aguacero de informaci\u00f3n<\/b>, ya que no imaginaba la rese\u00f1a de esta novela, sin la comparaci\u00f3n con la otra, y tambi\u00e9n si ha quedado alg\u00fan cabo suelto, estar\u00eda encantada a responder a todas y cada una de las dudas que fueran surgiendo tras la lectura de esta rese\u00f1a tan particular.<\/span><\/div>\n<p><span><br \/>\n<\/span><\/p>\n<div style=\"text-align:justify;\"><span><br \/>\n<\/span><\/div>\n<div style=\"text-align:justify;\"><span><br \/>\n<\/span><\/div>\n<div style=\"text-align:justify;\"><span>OPINI\u00d3N PARTICULAR.<\/span><\/div>\n<div style=\"text-align:justify;\"><span><br \/>\n<\/span><\/div>\n<div style=\"text-align:justify;\"><span>No quisiera extenderme demasiado dando una opini\u00f3n concreta pues ya lo he hecho a lo largo de\u00a0 este an\u00e1lisis exhaustivo de la obra.\u00a0 Tan solo a\u00f1adir\u00eda unas cosas:<\/span><\/div>\n<div style=\"text-align:justify;\"><span>Mi m\u00e1s sincera enhorabuena al autor por haber conseguido describir con tanto amor y respeto su Magdalena particular, as\u00ed como la relacion de amor con su Maestro, y como este amor, esta alejado de lo que entendemos en la actualidad, sino que es un amor libre, alejado de las ataduras y de la posesi\u00f3n, es un amor por la vida, por el pr\u00f3jimo y por el bien, valores que tanta falta nos hacen hoy en d\u00eda.<\/span><\/div>\n<div style=\"text-align:justify;\"><span>No podr\u00eda haber elegido mejor momento para leer esta obra que en plena Pascua, una Semana Santa marcada por una epidemia que asola el pa\u00eds y que nos retiene en nuestras casas, priv\u00e1ndome de una de las fechas del a\u00f1o que m\u00e1s me gusta, por haberla vivido con tanta pasi\u00f3n desde ni\u00f1a.<\/span><\/div>\n<div style=\"text-align:justify;\"><span>Y por \u00faltimo, ese gui\u00f1o a los estudios sind\u00f3nicos que tantos a\u00f1os llevo realizando y al Jes\u00fas hist\u00f3rico que intento conformar, ha terminado por apropiarse de una gran parte de mi coraz\u00f3n. Para mi, desde este momento, mi libro y mi autor de culto.<\/span><\/div>\n<div style=\"text-align:justify;\"><span>Solo mencionar\u00eda en contra el cambio de narradores, especialmente al final de la obra, en la que Mar\u00eda se encuentra ausente y se hace valer de Jos\u00e9 de Arimatea, Quinto o Juan para narrar los episodios en los que ella no est\u00e1 presente.<\/span><\/div>\n<div style=\"text-align:justify;\"><span><br \/>\n<\/span><\/div>\n<div style=\"text-align:justify;\"><span><br \/>\n<\/span><\/div>\n<div style=\"text-align:justify;\"><span>OTROS DATOS:<\/span><\/div>\n<div style=\"text-align:justify;\"><span><br \/>\n<\/span><\/div>\n<div style=\"text-align:justify;\"><span>(<b>A<\/b>) Podr\u00eda ser esta misma Maria de Betania, la que ungiera los pies del Maestro, la que despertara celos en la Magdalena de Margaret George, pero la autora no especifica que mujer es.<\/span><\/div>\n<div style=\"text-align:justify;\"><span><br \/>\n<\/span><\/div>\n<div style=\"text-align:justify;\"><span>(<b>B<\/b>) La Mar\u00eda de Margaret George est\u00e1 sumamente alejada del imaginario colectivo, puesto que a la Magdalena siempre se la ha dotado de una belleza (f\u00edsica y mental) extraordinaria y la autora en todo momento pretende hu\u00edr de este marcado estereotipo.<\/span><\/div>\n<div style=\"text-align:justify;\"><span><br \/>\n<\/span><\/div>\n<div style=\"text-align:justify;\"><span>(<b>C<\/b>) Juana aparece en las dos obras, y en ambos casos tiene las mismas caracter\u00edsitcas. Es una de las disc\u00edpulas de Jes\u00fas, pero a tiempo parcial pues esta casada con uno de los miembros del servicio de Herodes Antipas, por lo que d euna forma u otra pertenece a la casa de Antipas, y aunque en la obra de Margaret George tiene m\u00e1s protagonismo, en ninguno de los casos Juana abandona a su familia por Jes\u00fas, por eso en la obra de Perdo M. Lamet apenas aparece como un personaje secundario.<\/span><\/div>\n<div style=\"text-align:justify;\"><span><br \/>\n<\/span><\/div>\n<div style=\"text-align:justify;\"><span>(<b>D<\/b>) Esta caracter\u00edsitca f\u00edsica de Judas, &#8220;ayudar\u00eda&#8221; a\u00fan m\u00e1s si cabe a la Iglesia Cat\u00f3lica durante la Edad Media a estigmatizar a los pelirrojos.<\/span><\/div>\n<div style=\"text-align:justify;\"><span><br \/>\n<\/span><\/div>\n<div style=\"text-align:justify;\"><span>(<b>E<\/b>)\u00a0<span style=\"background-color:white;\"><span>Era un l\u00e1tigo con mango corto y con varias cadenas finas de hierro que terminaban en peque\u00f1os pesos, con el que se produc\u00edan terribles da\u00f1os al reo.<\/span><\/span><\/span><\/div>\n<div style=\"text-align:justify;\"><span style=\"background-color:white;\"><span><br \/>\n<\/span><\/span><\/div>\n<div style=\"text-align:justify;\"><span style=\"background-color:white;\"><span>(<b>F<\/b>) Madero horizontal que era transportado por el reo, que ven\u00eda a fijarse, una vez crucificado, sobre el palo vertical.<\/span><\/span><\/div>\n<div style=\"text-align:justify;\"><span style=\"background-color:white;\"><span><br \/>\n<\/span><\/span><\/div>\n<div style=\"text-align:justify;\"><span style=\"background-color:white;\"><span>(<b>G<\/b>) Otras escrituras que hacen referencia a la ausencia de huesos quebrados son: Ex. 12:46 &#8211; Nm. 9:12.<\/span><\/span><\/div>\n","protected":false},"excerpt":{"rendered":"<p>Advertencia: Esta entrada esta alejada de ser la t\u00edpica rese\u00f1a, sino que pertenece a un trabajo m\u00e1s exhaustivo sobre la obra. Recomiendo leerla en un ambiente tranquilo y propicio para la reflexi\u00f3n, as\u00ed como tener en cuenta los distintos enlaces que se proponen para ampliar la informaci\u00f3n. \u00bfHab\u00e9is tenido alguna vez la sensaci\u00f3n, despu\u00e9s de [&hellip;]<\/p>\n","protected":false},"author":2,"featured_media":1742,"comment_status":"open","ping_status":"open","sticky":false,"template":"","format":"standard","meta":{"footnotes":""},"categories":[72,76],"tags":[],"yoast_head":"<!-- This site is optimized with the Yoast SEO plugin v22.6 - https:\/\/yoast.com\/wordpress\/plugins\/seo\/ -->\n<title>No s\u00e9 como amarte - Pedro M. Lamet. - elalifato.blog<\/title>\n<meta name=\"robots\" content=\"index, follow, max-snippet:-1, max-image-preview:large, max-video-preview:-1\" \/>\n<link rel=\"canonical\" href=\"https:\/\/elalifato.blog\/index.php\/2020\/04\/16\/no-se-como-amarte-pedro-m-lamet\/\" \/>\n<meta property=\"og:locale\" content=\"es_ES\" \/>\n<meta property=\"og:type\" content=\"article\" \/>\n<meta property=\"og:title\" content=\"No s\u00e9 como amarte - Pedro M. Lamet. - elalifato.blog\" \/>\n<meta property=\"og:description\" content=\"Advertencia: Esta entrada esta alejada de ser la t\u00edpica rese\u00f1a, sino que pertenece a un trabajo m\u00e1s exhaustivo sobre la obra. Recomiendo leerla en un ambiente tranquilo y propicio para la reflexi\u00f3n, as\u00ed como tener en cuenta los distintos enlaces que se proponen para ampliar la informaci\u00f3n. \u00bfHab\u00e9is tenido alguna vez la sensaci\u00f3n, despu\u00e9s de [&hellip;]\" \/>\n<meta property=\"og:url\" content=\"https:\/\/elalifato.blog\/index.php\/2020\/04\/16\/no-se-como-amarte-pedro-m-lamet\/\" \/>\n<meta property=\"og:site_name\" content=\"elalifato.blog\" \/>\n<meta property=\"article:published_time\" content=\"2020-04-16T14:18:00+00:00\" \/>\n<meta property=\"article:modified_time\" content=\"2024-02-02T20:08:13+00:00\" \/>\n<meta property=\"og:image\" content=\"https:\/\/elalifato.blog\/wp-content\/uploads\/2020\/04\/8fc5c-nosecomoamarte_-210x273_mensajero.jpg\" \/>\n\t<meta property=\"og:image:width\" content=\"496\" \/>\n\t<meta property=\"og:image:height\" content=\"640\" \/>\n\t<meta property=\"og:image:type\" content=\"image\/jpeg\" \/>\n<meta name=\"author\" content=\"Adriana Pastor Mancl\u00fas\" \/>\n<meta name=\"twitter:card\" content=\"summary_large_image\" \/>\n<meta name=\"twitter:label1\" content=\"Escrito por\" \/>\n\t<meta name=\"twitter:data1\" content=\"Adriana Pastor Mancl\u00fas\" \/>\n\t<meta name=\"twitter:label2\" content=\"Tiempo de lectura\" \/>\n\t<meta name=\"twitter:data2\" content=\"24 minutos\" \/>\n<script type=\"application\/ld+json\" class=\"yoast-schema-graph\">{\"@context\":\"https:\/\/schema.org\",\"@graph\":[{\"@type\":\"Article\",\"@id\":\"https:\/\/elalifato.blog\/index.php\/2020\/04\/16\/no-se-como-amarte-pedro-m-lamet\/#article\",\"isPartOf\":{\"@id\":\"https:\/\/elalifato.blog\/index.php\/2020\/04\/16\/no-se-como-amarte-pedro-m-lamet\/\"},\"author\":{\"name\":\"Adriana Pastor Mancl\u00fas\",\"@id\":\"https:\/\/elalifato.blog\/#\/schema\/person\/6bc5d4d3e2a3506e66e17752410b50f8\"},\"headline\":\"No s\u00e9 como amarte &#8211; Pedro M. Lamet.\",\"datePublished\":\"2020-04-16T14:18:00+00:00\",\"dateModified\":\"2024-02-02T20:08:13+00:00\",\"mainEntityOfPage\":{\"@id\":\"https:\/\/elalifato.blog\/index.php\/2020\/04\/16\/no-se-como-amarte-pedro-m-lamet\/\"},\"wordCount\":5226,\"commentCount\":4,\"publisher\":{\"@id\":\"https:\/\/elalifato.blog\/#\/schema\/person\/6bc5d4d3e2a3506e66e17752410b50f8\"},\"image\":{\"@id\":\"https:\/\/elalifato.blog\/index.php\/2020\/04\/16\/no-se-como-amarte-pedro-m-lamet\/#primaryimage\"},\"thumbnailUrl\":\"https:\/\/elalifato.blog\/wp-content\/uploads\/2020\/04\/8fc5c-nosecomoamarte_-210x273_mensajero.jpg\",\"articleSection\":[\"Investigaciones\",\"Rese\u00f1as Literarias\"],\"inLanguage\":\"es\",\"potentialAction\":[{\"@type\":\"CommentAction\",\"name\":\"Comment\",\"target\":[\"https:\/\/elalifato.blog\/index.php\/2020\/04\/16\/no-se-como-amarte-pedro-m-lamet\/#respond\"]}]},{\"@type\":\"WebPage\",\"@id\":\"https:\/\/elalifato.blog\/index.php\/2020\/04\/16\/no-se-como-amarte-pedro-m-lamet\/\",\"url\":\"https:\/\/elalifato.blog\/index.php\/2020\/04\/16\/no-se-como-amarte-pedro-m-lamet\/\",\"name\":\"No s\u00e9 como amarte - Pedro M. Lamet. - elalifato.blog\",\"isPartOf\":{\"@id\":\"https:\/\/elalifato.blog\/#website\"},\"primaryImageOfPage\":{\"@id\":\"https:\/\/elalifato.blog\/index.php\/2020\/04\/16\/no-se-como-amarte-pedro-m-lamet\/#primaryimage\"},\"image\":{\"@id\":\"https:\/\/elalifato.blog\/index.php\/2020\/04\/16\/no-se-como-amarte-pedro-m-lamet\/#primaryimage\"},\"thumbnailUrl\":\"https:\/\/elalifato.blog\/wp-content\/uploads\/2020\/04\/8fc5c-nosecomoamarte_-210x273_mensajero.jpg\",\"datePublished\":\"2020-04-16T14:18:00+00:00\",\"dateModified\":\"2024-02-02T20:08:13+00:00\",\"breadcrumb\":{\"@id\":\"https:\/\/elalifato.blog\/index.php\/2020\/04\/16\/no-se-como-amarte-pedro-m-lamet\/#breadcrumb\"},\"inLanguage\":\"es\",\"potentialAction\":[{\"@type\":\"ReadAction\",\"target\":[\"https:\/\/elalifato.blog\/index.php\/2020\/04\/16\/no-se-como-amarte-pedro-m-lamet\/\"]}]},{\"@type\":\"ImageObject\",\"inLanguage\":\"es\",\"@id\":\"https:\/\/elalifato.blog\/index.php\/2020\/04\/16\/no-se-como-amarte-pedro-m-lamet\/#primaryimage\",\"url\":\"https:\/\/elalifato.blog\/wp-content\/uploads\/2020\/04\/8fc5c-nosecomoamarte_-210x273_mensajero.jpg\",\"contentUrl\":\"https:\/\/elalifato.blog\/wp-content\/uploads\/2020\/04\/8fc5c-nosecomoamarte_-210x273_mensajero.jpg\",\"width\":496,\"height\":640},{\"@type\":\"BreadcrumbList\",\"@id\":\"https:\/\/elalifato.blog\/index.php\/2020\/04\/16\/no-se-como-amarte-pedro-m-lamet\/#breadcrumb\",\"itemListElement\":[{\"@type\":\"ListItem\",\"position\":1,\"name\":\"Portada\",\"item\":\"https:\/\/elalifato.blog\/\"},{\"@type\":\"ListItem\",\"position\":2,\"name\":\"No s\u00e9 como amarte &#8211; Pedro M. Lamet.\"}]},{\"@type\":\"WebSite\",\"@id\":\"https:\/\/elalifato.blog\/#website\",\"url\":\"https:\/\/elalifato.blog\/\",\"name\":\"elalifato.blog\",\"description\":\"En elalifato.blog podr\u00e1s leer ensayos y art\u00edculos hist\u00f3ricos relacionados con multitud de temas y \u00e9pocas, historia del arte y antropolog\u00eda de las religiones. Un sitio donde descubrir\u00e1s emplazamientos hist\u00f3ricos que no conoc\u00edas as\u00ed como consejos para visitarlos.\",\"publisher\":{\"@id\":\"https:\/\/elalifato.blog\/#\/schema\/person\/6bc5d4d3e2a3506e66e17752410b50f8\"},\"potentialAction\":[{\"@type\":\"SearchAction\",\"target\":{\"@type\":\"EntryPoint\",\"urlTemplate\":\"https:\/\/elalifato.blog\/?s={search_term_string}\"},\"query-input\":\"required name=search_term_string\"}],\"inLanguage\":\"es\"},{\"@type\":[\"Person\",\"Organization\"],\"@id\":\"https:\/\/elalifato.blog\/#\/schema\/person\/6bc5d4d3e2a3506e66e17752410b50f8\",\"name\":\"Adriana Pastor Mancl\u00fas\",\"image\":{\"@type\":\"ImageObject\",\"inLanguage\":\"es\",\"@id\":\"https:\/\/elalifato.blog\/#\/schema\/person\/image\/\",\"url\":\"https:\/\/elalifato.blog\/wp-content\/uploads\/2023\/09\/elalifatoblog-logo.svg\",\"contentUrl\":\"https:\/\/elalifato.blog\/wp-content\/uploads\/2023\/09\/elalifatoblog-logo.svg\",\"width\":5516,\"height\":1000,\"caption\":\"Adriana Pastor Mancl\u00fas\"},\"logo\":{\"@id\":\"https:\/\/elalifato.blog\/#\/schema\/person\/image\/\"},\"description\":\"Graduada en Historia, Geograf\u00eda e Historia del Arte. Especializada en Historia de las Religiones y Mundo Isl\u00e1mico.\",\"sameAs\":[\"http:\/\/elalifato.blog\"],\"url\":\"https:\/\/elalifato.blog\/index.php\/author\/adrianapastor\/\"}]}<\/script>\n<!-- \/ Yoast SEO plugin. -->","yoast_head_json":{"title":"No s\u00e9 como amarte - Pedro M. Lamet. - elalifato.blog","robots":{"index":"index","follow":"follow","max-snippet":"max-snippet:-1","max-image-preview":"max-image-preview:large","max-video-preview":"max-video-preview:-1"},"canonical":"https:\/\/elalifato.blog\/index.php\/2020\/04\/16\/no-se-como-amarte-pedro-m-lamet\/","og_locale":"es_ES","og_type":"article","og_title":"No s\u00e9 como amarte - Pedro M. Lamet. - elalifato.blog","og_description":"Advertencia: Esta entrada esta alejada de ser la t\u00edpica rese\u00f1a, sino que pertenece a un trabajo m\u00e1s exhaustivo sobre la obra. Recomiendo leerla en un ambiente tranquilo y propicio para la reflexi\u00f3n, as\u00ed como tener en cuenta los distintos enlaces que se proponen para ampliar la informaci\u00f3n. \u00bfHab\u00e9is tenido alguna vez la sensaci\u00f3n, despu\u00e9s de [&hellip;]","og_url":"https:\/\/elalifato.blog\/index.php\/2020\/04\/16\/no-se-como-amarte-pedro-m-lamet\/","og_site_name":"elalifato.blog","article_published_time":"2020-04-16T14:18:00+00:00","article_modified_time":"2024-02-02T20:08:13+00:00","og_image":[{"width":496,"height":640,"url":"https:\/\/elalifato.blog\/wp-content\/uploads\/2020\/04\/8fc5c-nosecomoamarte_-210x273_mensajero.jpg","type":"image\/jpeg"}],"author":"Adriana Pastor Mancl\u00fas","twitter_card":"summary_large_image","twitter_misc":{"Escrito por":"Adriana Pastor Mancl\u00fas","Tiempo de lectura":"24 minutos"},"schema":{"@context":"https:\/\/schema.org","@graph":[{"@type":"Article","@id":"https:\/\/elalifato.blog\/index.php\/2020\/04\/16\/no-se-como-amarte-pedro-m-lamet\/#article","isPartOf":{"@id":"https:\/\/elalifato.blog\/index.php\/2020\/04\/16\/no-se-como-amarte-pedro-m-lamet\/"},"author":{"name":"Adriana Pastor Mancl\u00fas","@id":"https:\/\/elalifato.blog\/#\/schema\/person\/6bc5d4d3e2a3506e66e17752410b50f8"},"headline":"No s\u00e9 como amarte &#8211; Pedro M. Lamet.","datePublished":"2020-04-16T14:18:00+00:00","dateModified":"2024-02-02T20:08:13+00:00","mainEntityOfPage":{"@id":"https:\/\/elalifato.blog\/index.php\/2020\/04\/16\/no-se-como-amarte-pedro-m-lamet\/"},"wordCount":5226,"commentCount":4,"publisher":{"@id":"https:\/\/elalifato.blog\/#\/schema\/person\/6bc5d4d3e2a3506e66e17752410b50f8"},"image":{"@id":"https:\/\/elalifato.blog\/index.php\/2020\/04\/16\/no-se-como-amarte-pedro-m-lamet\/#primaryimage"},"thumbnailUrl":"https:\/\/elalifato.blog\/wp-content\/uploads\/2020\/04\/8fc5c-nosecomoamarte_-210x273_mensajero.jpg","articleSection":["Investigaciones","Rese\u00f1as Literarias"],"inLanguage":"es","potentialAction":[{"@type":"CommentAction","name":"Comment","target":["https:\/\/elalifato.blog\/index.php\/2020\/04\/16\/no-se-como-amarte-pedro-m-lamet\/#respond"]}]},{"@type":"WebPage","@id":"https:\/\/elalifato.blog\/index.php\/2020\/04\/16\/no-se-como-amarte-pedro-m-lamet\/","url":"https:\/\/elalifato.blog\/index.php\/2020\/04\/16\/no-se-como-amarte-pedro-m-lamet\/","name":"No s\u00e9 como amarte - Pedro M. Lamet. - elalifato.blog","isPartOf":{"@id":"https:\/\/elalifato.blog\/#website"},"primaryImageOfPage":{"@id":"https:\/\/elalifato.blog\/index.php\/2020\/04\/16\/no-se-como-amarte-pedro-m-lamet\/#primaryimage"},"image":{"@id":"https:\/\/elalifato.blog\/index.php\/2020\/04\/16\/no-se-como-amarte-pedro-m-lamet\/#primaryimage"},"thumbnailUrl":"https:\/\/elalifato.blog\/wp-content\/uploads\/2020\/04\/8fc5c-nosecomoamarte_-210x273_mensajero.jpg","datePublished":"2020-04-16T14:18:00+00:00","dateModified":"2024-02-02T20:08:13+00:00","breadcrumb":{"@id":"https:\/\/elalifato.blog\/index.php\/2020\/04\/16\/no-se-como-amarte-pedro-m-lamet\/#breadcrumb"},"inLanguage":"es","potentialAction":[{"@type":"ReadAction","target":["https:\/\/elalifato.blog\/index.php\/2020\/04\/16\/no-se-como-amarte-pedro-m-lamet\/"]}]},{"@type":"ImageObject","inLanguage":"es","@id":"https:\/\/elalifato.blog\/index.php\/2020\/04\/16\/no-se-como-amarte-pedro-m-lamet\/#primaryimage","url":"https:\/\/elalifato.blog\/wp-content\/uploads\/2020\/04\/8fc5c-nosecomoamarte_-210x273_mensajero.jpg","contentUrl":"https:\/\/elalifato.blog\/wp-content\/uploads\/2020\/04\/8fc5c-nosecomoamarte_-210x273_mensajero.jpg","width":496,"height":640},{"@type":"BreadcrumbList","@id":"https:\/\/elalifato.blog\/index.php\/2020\/04\/16\/no-se-como-amarte-pedro-m-lamet\/#breadcrumb","itemListElement":[{"@type":"ListItem","position":1,"name":"Portada","item":"https:\/\/elalifato.blog\/"},{"@type":"ListItem","position":2,"name":"No s\u00e9 como amarte &#8211; Pedro M. Lamet."}]},{"@type":"WebSite","@id":"https:\/\/elalifato.blog\/#website","url":"https:\/\/elalifato.blog\/","name":"elalifato.blog","description":"En elalifato.blog podr\u00e1s leer ensayos y art\u00edculos hist\u00f3ricos relacionados con multitud de temas y \u00e9pocas, historia del arte y antropolog\u00eda de las religiones. Un sitio donde descubrir\u00e1s emplazamientos hist\u00f3ricos que no conoc\u00edas as\u00ed como consejos para visitarlos.","publisher":{"@id":"https:\/\/elalifato.blog\/#\/schema\/person\/6bc5d4d3e2a3506e66e17752410b50f8"},"potentialAction":[{"@type":"SearchAction","target":{"@type":"EntryPoint","urlTemplate":"https:\/\/elalifato.blog\/?s={search_term_string}"},"query-input":"required name=search_term_string"}],"inLanguage":"es"},{"@type":["Person","Organization"],"@id":"https:\/\/elalifato.blog\/#\/schema\/person\/6bc5d4d3e2a3506e66e17752410b50f8","name":"Adriana Pastor Mancl\u00fas","image":{"@type":"ImageObject","inLanguage":"es","@id":"https:\/\/elalifato.blog\/#\/schema\/person\/image\/","url":"https:\/\/elalifato.blog\/wp-content\/uploads\/2023\/09\/elalifatoblog-logo.svg","contentUrl":"https:\/\/elalifato.blog\/wp-content\/uploads\/2023\/09\/elalifatoblog-logo.svg","width":5516,"height":1000,"caption":"Adriana Pastor Mancl\u00fas"},"logo":{"@id":"https:\/\/elalifato.blog\/#\/schema\/person\/image\/"},"description":"Graduada en Historia, Geograf\u00eda e Historia del Arte. Especializada en Historia de las Religiones y Mundo Isl\u00e1mico.","sameAs":["http:\/\/elalifato.blog"],"url":"https:\/\/elalifato.blog\/index.php\/author\/adrianapastor\/"}]}},"_links":{"self":[{"href":"https:\/\/elalifato.blog\/index.php\/wp-json\/wp\/v2\/posts\/98"}],"collection":[{"href":"https:\/\/elalifato.blog\/index.php\/wp-json\/wp\/v2\/posts"}],"about":[{"href":"https:\/\/elalifato.blog\/index.php\/wp-json\/wp\/v2\/types\/post"}],"author":[{"embeddable":true,"href":"https:\/\/elalifato.blog\/index.php\/wp-json\/wp\/v2\/users\/2"}],"replies":[{"embeddable":true,"href":"https:\/\/elalifato.blog\/index.php\/wp-json\/wp\/v2\/comments?post=98"}],"version-history":[{"count":2,"href":"https:\/\/elalifato.blog\/index.php\/wp-json\/wp\/v2\/posts\/98\/revisions"}],"predecessor-version":[{"id":1743,"href":"https:\/\/elalifato.blog\/index.php\/wp-json\/wp\/v2\/posts\/98\/revisions\/1743"}],"wp:featuredmedia":[{"embeddable":true,"href":"https:\/\/elalifato.blog\/index.php\/wp-json\/wp\/v2\/media\/1742"}],"wp:attachment":[{"href":"https:\/\/elalifato.blog\/index.php\/wp-json\/wp\/v2\/media?parent=98"}],"wp:term":[{"taxonomy":"category","embeddable":true,"href":"https:\/\/elalifato.blog\/index.php\/wp-json\/wp\/v2\/categories?post=98"},{"taxonomy":"post_tag","embeddable":true,"href":"https:\/\/elalifato.blog\/index.php\/wp-json\/wp\/v2\/tags?post=98"}],"curies":[{"name":"wp","href":"https:\/\/api.w.org\/{rel}","templated":true}]}}