{"id":887,"date":"2021-08-17T18:14:41","date_gmt":"2021-08-17T16:14:41","guid":{"rendered":"https:\/\/elalifatoblog.wordpress.com\/?p=887"},"modified":"2024-01-31T10:26:30","modified_gmt":"2024-01-31T09:26:30","slug":"parroquia-de-san-nicolas-de-bari-la-capilla-sixtina-valenciana","status":"publish","type":"post","link":"https:\/\/elalifato.blog\/index.php\/2021\/08\/17\/parroquia-de-san-nicolas-de-bari-la-capilla-sixtina-valenciana\/","title":{"rendered":"La Capilla Sixtina valenciana (Parroquia de San Nicol\u00e1s de Bari)."},"content":{"rendered":"<div class=\"wp-block-image\">\n<figure class=\"aligncenter size-large is-resized\"><img decoding=\"async\" src=\"https:\/\/elalifatoblog.files.wordpress.com\/2021\/08\/pano_20210803_172214.jpg?w=1024\" alt=\"\" class=\"wp-image-1004\" style=\"width:977px;height:421px\"\/><figcaption class=\"wp-element-caption\">Vista panor\u00e1mica del interior de la parroquia de San Nicol\u00e1s .<\/figcaption><\/figure><\/div>\n\n\n<h1 class=\"wp-block-heading\">INTRODUCCI\u00d3N<\/h1>\n\n\n\n<div class=\"wp-block-jetpack-tiled-gallery aligncenter is-style-rectangular\"><div class=\"tiled-gallery__gallery\"><div class=\"tiled-gallery__row\"><div class=\"tiled-gallery__col\" style=\"flex-basis:20.96938%;\"><figure class=\"tiled-gallery__item\"><img decoding=\"async\" alt=\"\" data-height=\"4624\" data-id=\"998\" data-link=\"https:\/\/elalifatoblog.wordpress.com\/img_20210803_172643-1\/\" data-url=\"https:\/\/elalifatoblog.files.wordpress.com\/2021\/08\/img_20210803_172643-1.jpg\" data-width=\"3472\" src=\"https:\/\/elalifatoblog.files.wordpress.com\/2021\/08\/img_20210803_172643-1.jpg\" data-amp-layout=\"responsive\"><\/figure><\/div><div class=\"tiled-gallery__col\" style=\"flex-basis:20.96938%;\"><figure class=\"tiled-gallery__item\"><img decoding=\"async\" alt=\"\" data-height=\"4624\" data-id=\"999\" data-link=\"https:\/\/elalifatoblog.wordpress.com\/img_20210803_172647-1\/\" data-url=\"https:\/\/elalifatoblog.files.wordpress.com\/2021\/08\/img_20210803_172647-1.jpg\" data-width=\"3472\" src=\"https:\/\/elalifatoblog.files.wordpress.com\/2021\/08\/img_20210803_172647-1.jpg\" data-amp-layout=\"responsive\"><\/figure><\/div><div class=\"tiled-gallery__col\" style=\"flex-basis:37.09185%;\"><figure class=\"tiled-gallery__item\"><img decoding=\"async\" alt=\"\" data-height=\"3472\" data-id=\"1001\" data-link=\"https:\/\/elalifatoblog.wordpress.com\/img_20210803_172851-2-2\/\" data-url=\"https:\/\/elalifatoblog.files.wordpress.com\/2021\/08\/img_20210803_172851-2.jpg\" data-width=\"4624\" src=\"https:\/\/elalifatoblog.files.wordpress.com\/2021\/08\/img_20210803_172851-2.jpg\" data-amp-layout=\"responsive\"><\/figure><\/div><div class=\"tiled-gallery__col\" style=\"flex-basis:20.96938%;\"><figure class=\"tiled-gallery__item\"><img decoding=\"async\" alt=\"\" data-height=\"4624\" data-id=\"1007\" data-link=\"https:\/\/elalifatoblog.wordpress.com\/img_20210803_172946\/\" data-url=\"https:\/\/elalifatoblog.files.wordpress.com\/2021\/08\/img_20210803_172946.jpg\" data-width=\"3472\" src=\"https:\/\/elalifatoblog.files.wordpress.com\/2021\/08\/img_20210803_172946.jpg\" data-amp-layout=\"responsive\"><\/figure><\/div><\/div><\/div><\/div>\n\n\n\n<p class=\"has-text-align-justify\">Acompa\u00f1adme a visitar la<strong> Capilla Sixtina valenciana<\/strong>, un rinc\u00f3n oculto en el casco antiguo de Valencia que recibe este sobre nombre por su similitud con la original sita en Roma, pero sobre todo porque su restauraci\u00f3n recay\u00f3 en manos del mism\u00edsimo restaurador de la capilla Sixtina romana, Gianluigi Colalucci.<\/p>\n\n\n\n<p class=\"has-text-align-justify\">Conocida habitualmente como <strong>Parroquia de San Nicol\u00e1s<\/strong>, dedicada a este mismo santo (San Nicol\u00e1s de Bari) desde el s. XIII. Actualmente el edificio que alberga esta parroquia se debe a sus obras de ampliaci\u00f3n del s. XV y la posterior reforma barroca, aunque el original no existe, el culto al mismo santo se sigue manteniendo.<\/p>\n\n\n\n<p class=\"has-text-align-justify\">San Nicol\u00e1s comparte con San Pedro M\u00e1rtir la titularidad de este lugar, pues el primero en alg\u00fan momento de su vida acogi\u00f3 en su casa al segundo, dando as\u00ed sus nombres a la parroquia.<\/p>\n\n\n\n<h1 class=\"wp-block-heading\">ARTE Y SIMBOLISMO<\/h1>\n\n\n\n<p class=\"has-text-align-justify\">La particularidad de este emplazamiento es su <strong>estructura<\/strong> g\u00f3tica y apariencia barroca, y aunque la mezcla de distintos artes en los templos y localizaciones importantes es algo habitual, en San Nicol\u00e1s ambos artes casan perfectamente.<\/p>\n\n\n\n<h2 class=\"wp-block-heading has-text-align-center\">FRESCOS<\/h2>\n\n\n\n<p class=\"has-text-align-justify\">El <strong>arte sacro<\/strong> inunda cada rinc\u00f3n de la parroquia de San Nicol\u00e1s, pero si hay algo <strong>arrebatador<\/strong> son los <strong>frescos<\/strong> de sus b\u00f3vedas, donde destacan especialmente, adem\u00e1s de las im\u00e1genes que se refieren a las escrituras, toda la <strong>jerarqu\u00eda<\/strong> <strong>ang\u00e9lica<\/strong> distribuida en su techo, a raz\u00f3n de cuatro \u00e1ngeles por tramo de b\u00f3veda, ocupando siempre la misma posici\u00f3n entre arco y arco. Estos reciben el nombre de <em>amorcillos<\/em> (fotos 1 y 2):<\/p>\n\n\n\n<div class=\"wp-block-jetpack-tiled-gallery aligncenter is-style-rectangular\"><div class=\"tiled-gallery__gallery\"><div class=\"tiled-gallery__row\"><div class=\"tiled-gallery__col\" style=\"flex-basis:50%;\"><figure class=\"tiled-gallery__item\"><img decoding=\"async\" alt=\"\" data-height=\"4624\" data-id=\"896\" data-link=\"https:\/\/elalifatoblog.wordpress.com\/img_20210803_172130\/\" data-url=\"https:\/\/elalifatoblog.files.wordpress.com\/2021\/08\/img_20210803_172130.jpg\" data-width=\"3472\" src=\"https:\/\/elalifatoblog.files.wordpress.com\/2021\/08\/img_20210803_172130.jpg\" data-amp-layout=\"responsive\"><\/figure><\/div><div class=\"tiled-gallery__col\" style=\"flex-basis:50%;\"><figure class=\"tiled-gallery__item\"><img decoding=\"async\" alt=\"\" data-height=\"4624\" data-id=\"898\" data-link=\"https:\/\/elalifatoblog.wordpress.com\/img_20210803_172134\/\" data-url=\"https:\/\/elalifatoblog.files.wordpress.com\/2021\/08\/img_20210803_172134.jpg\" data-width=\"3472\" src=\"https:\/\/elalifatoblog.files.wordpress.com\/2021\/08\/img_20210803_172134.jpg\" data-amp-layout=\"responsive\"><\/figure><\/div><\/div><\/div><\/div>\n\n\n\n<p class=\"has-text-align-justify\">La imagen central (foto 3 detalle, foto 4) pertenece a la<strong> sagrada familia<\/strong> y a los lados, dos figuras con antorchas encendidas que obedecen a la jerarqu\u00eda de los \u00e1ngeles <em>principados<\/em>, pertenecientes al mismo orden de los arc\u00e1ngeles y los \u00e1ngeles custodios.<\/p>\n\n\n\n<div class=\"wp-block-jetpack-slideshow aligncenter\" data-effect=\"slide\"><div class=\"wp-block-jetpack-slideshow_container swiper-container\"><ul class=\"wp-block-jetpack-slideshow_swiper-wrapper swiper-wrapper\"><li class=\"wp-block-jetpack-slideshow_slide swiper-slide\"><figure><img decoding=\"async\" alt=\"\" class=\"wp-block-jetpack-slideshow_image wp-image-900\" data-id=\"900\" src=\"https:\/\/elalifatoblog.files.wordpress.com\/2021\/08\/angeles-y-sagrada-familia.jpg?w=1024\"><\/figure><\/li><li class=\"wp-block-jetpack-slideshow_slide swiper-slide\"><figure><img decoding=\"async\" alt=\"\" class=\"wp-block-jetpack-slideshow_image wp-image-903\" data-id=\"903\" src=\"https:\/\/elalifatoblog.files.wordpress.com\/2021\/08\/img_20210803_171018.jpg\"><\/figure><\/li><\/ul><a class=\"wp-block-jetpack-slideshow_button-prev swiper-button-prev swiper-button-white\" role=\"button\"><\/a><a class=\"wp-block-jetpack-slideshow_button-next swiper-button-next swiper-button-white\" role=\"button\"><\/a><a aria-label=\"Pause Slideshow\" class=\"wp-block-jetpack-slideshow_button-pause\" role=\"button\"><\/a><div class=\"wp-block-jetpack-slideshow_pagination swiper-pagination swiper-pagination-white\"><\/div><\/div><\/div>\n\n\n\n<p class=\"has-text-align-justify\">La b\u00f3veda siguiente a la de la sagrada familia (foto 5) se encuentra custodiada por dos arc\u00e1ngeles,  en ella est\u00e1 representado <strong>San Nicol\u00e1s <\/strong>(vestido con sotana negra) que va introduciendo bolsas de oro por un ventanuco, al otro lado de la pared, en la representaci\u00f3n, hay tres hermanas y estas se preguntan de donde pueden haber salido las bolsas. Estas limosnas ten\u00edan como objetivo evitar que el padre de estas doncellas vendiera su <strong>virtud<\/strong> para salir de la pobreza.<\/p>\n\n\n\n<figure class=\"wp-block-image size-large\"><img decoding=\"async\" src=\"https:\/\/elalifatoblog.files.wordpress.com\/2021\/08\/whatsapp-image-2021-08-17-at-17.18.33.jpeg?w=767\" alt=\"\" class=\"wp-image-904\"\/><\/figure>\n\n\n\n<p class=\"has-text-align-justify\">Este episodio tiene como origen, la tradici\u00f3n de <strong>Santa Claus<\/strong> (San Nicol\u00e1s) en la que se realizan regalos a los ni\u00f1os, sin dejarse ver. La doble virtud, la de la <strong>generosidad<\/strong> an\u00f3nima es la que se destaca en la b\u00f3veda, apoyado en el texto inferior que hace referencia al evangelio de <strong>San<\/strong> <strong>Mateo<\/strong> <strong>6:3<\/strong> :<em> \u201cCuando das limosna, haz que tu mano izquierda no perciba lo que hace tu derecha\u201d<\/em><\/p>\n\n\n\n<p class=\"has-text-align-justify\">Los <strong>frescos<\/strong> que entra\u00f1a la parroquia son mucho m\u00e1s numerosos de lo que aqu\u00ed os expongo, pero estos dos me parecieron los m\u00e1s curiosos, por la variedad de la jerarqu\u00eda angelical all\u00ed presente, as\u00ed como tambi\u00e9n el gui\u00f1o a una tradici\u00f3n tan extendida como es la de Santa Claus o tambi\u00e9n conocido como San Nicol\u00e1s.<\/p>\n\n\n\n<h4 class=\"wp-block-heading\">Galer\u00eda de frescos b\u00f3vedas y \u00e1ngeles:<\/h4>\n\n\n\n<div class=\"wp-block-group is-layout-constrained wp-block-group-is-layout-constrained\"><div class=\"wp-block-group__inner-container\">\n<div class=\"wp-block-group is-layout-constrained wp-block-group-is-layout-constrained\"><div class=\"wp-block-group__inner-container\">\n<div class=\"wp-block-group is-layout-constrained wp-block-group-is-layout-constrained\"><div class=\"wp-block-group__inner-container\">\n<div class=\"wp-block-group is-layout-constrained wp-block-group-is-layout-constrained\"><div class=\"wp-block-group__inner-container\">\n<div class=\"wp-block-group is-layout-constrained wp-block-group-is-layout-constrained\"><div class=\"wp-block-group__inner-container\">\n<div class=\"wp-block-group is-layout-constrained wp-block-group-is-layout-constrained\"><div class=\"wp-block-group__inner-container\">\n<div class=\"wp-block-jetpack-slideshow aligncenter\" data-effect=\"slide\"><div class=\"wp-block-jetpack-slideshow_container swiper-container\"><ul class=\"wp-block-jetpack-slideshow_swiper-wrapper swiper-wrapper\"><li class=\"wp-block-jetpack-slideshow_slide swiper-slide\"><figure><img decoding=\"async\" alt=\"\" class=\"wp-block-jetpack-slideshow_image wp-image-944\" data-id=\"944\" src=\"https:\/\/elalifatoblog.files.wordpress.com\/2021\/08\/img_20210803_171018-1.jpg?w=769\"><\/figure><\/li><li class=\"wp-block-jetpack-slideshow_slide swiper-slide\"><figure><img decoding=\"async\" alt=\"\" class=\"wp-block-jetpack-slideshow_image wp-image-945\" data-id=\"945\" src=\"https:\/\/elalifatoblog.files.wordpress.com\/2021\/08\/img_20210803_171328-1.jpg?w=769\"><\/figure><\/li><li class=\"wp-block-jetpack-slideshow_slide swiper-slide\"><figure><img decoding=\"async\" alt=\"\" class=\"wp-block-jetpack-slideshow_image wp-image-946\" data-id=\"946\" src=\"https:\/\/elalifatoblog.files.wordpress.com\/2021\/08\/img_20210803_171352-1.jpg?w=759\"><\/figure><\/li><li class=\"wp-block-jetpack-slideshow_slide swiper-slide\"><figure><img decoding=\"async\" alt=\"\" class=\"wp-block-jetpack-slideshow_image wp-image-947\" data-id=\"947\" src=\"https:\/\/elalifatoblog.files.wordpress.com\/2021\/08\/img_20210803_172004-1.jpg?w=769\"><\/figure><\/li><li class=\"wp-block-jetpack-slideshow_slide swiper-slide\"><figure><img decoding=\"async\" alt=\"\" class=\"wp-block-jetpack-slideshow_image wp-image-948\" data-id=\"948\" src=\"https:\/\/elalifatoblog.files.wordpress.com\/2021\/08\/img_20210803_172124-1.jpg?w=769\"><\/figure><\/li><li class=\"wp-block-jetpack-slideshow_slide swiper-slide\"><figure><img decoding=\"async\" alt=\"\" class=\"wp-block-jetpack-slideshow_image wp-image-949\" data-id=\"949\" src=\"https:\/\/elalifatoblog.files.wordpress.com\/2021\/08\/img_20210803_172618-1.jpg?w=769\"><\/figure><\/li><li class=\"wp-block-jetpack-slideshow_slide swiper-slide\"><figure><img decoding=\"async\" alt=\"\" class=\"wp-block-jetpack-slideshow_image wp-image-950\" data-id=\"950\" src=\"https:\/\/elalifatoblog.files.wordpress.com\/2021\/08\/img_20210803_172851-1.jpg?w=1024\"><\/figure><\/li><li class=\"wp-block-jetpack-slideshow_slide swiper-slide\"><figure><img decoding=\"async\" alt=\"\" class=\"wp-block-jetpack-slideshow_image wp-image-951\" data-id=\"951\" src=\"https:\/\/elalifatoblog.files.wordpress.com\/2021\/08\/img_20210803_172858-1.jpg?w=769\"><\/figure><\/li><\/ul><a class=\"wp-block-jetpack-slideshow_button-prev swiper-button-prev swiper-button-white\" role=\"button\"><\/a><a class=\"wp-block-jetpack-slideshow_button-next swiper-button-next swiper-button-white\" role=\"button\"><\/a><a aria-label=\"Pause Slideshow\" class=\"wp-block-jetpack-slideshow_button-pause\" role=\"button\"><\/a><div class=\"wp-block-jetpack-slideshow_pagination swiper-pagination swiper-pagination-white\"><\/div><\/div><\/div>\n<\/div><\/div>\n<\/div><\/div>\n<\/div><\/div>\n<\/div><\/div>\n<\/div><\/div>\n<\/div><\/div>\n\n\n\n<h2 class=\"wp-block-heading has-text-align-center\">IM\u00c1GENES<\/h2>\n\n\n\n<p class=\"has-text-align-justify\">Las tallas, retablos y pinturas tambi\u00e9n se reparten de manera numerosa por toda la capilla, pero mis <strong>favoritas<\/strong> sin duda fueron estas que aqu\u00ed os presento por su cargado simbolismo:<\/p>\n\n\n\n<h3 class=\"wp-block-heading\">ARC\u00c1NGEL CON PEZ.<\/h3>\n\n\n\n<p class=\"has-text-align-justify\">El primer elemento que nos encontramos al penetrar en la parroquia es la <strong>capilla<\/strong> dedicada a <strong>San Miguel, San Gabriel y San Rafael<\/strong>, aunque en el retablo aparece solo uno de ellos, Rafael acompa\u00f1ado por el joven Tob\u00edas. <strong>Tob\u00edas<\/strong> porta un pescado acompa\u00f1ado del arc\u00e1ngel Rafael (foto 6 y 7), y su explicaci\u00f3n se encuentra en un relato b\u00edblico (Libro de Tob\u00edas) \u201c<em>La hiel del animal, servir\u00e1 para sanar la ceguera del padre de Tob\u00edas<\/em>. <em>El coraz\u00f3n y el h\u00edgado servir\u00e1n para ahuyentar al demonio que atormenta a su futura esposa, y que ya la ha dejado viuda siete veces antes de la noche de bodas\u201d<\/em>.<\/p>\n\n\n\n<div class=\"wp-block-group is-layout-constrained wp-block-group-is-layout-constrained\"><div class=\"wp-block-group__inner-container\">\n<div class=\"wp-block-group is-layout-constrained wp-block-group-is-layout-constrained\"><div class=\"wp-block-group__inner-container\">\n<div class=\"wp-block-jetpack-tiled-gallery aligncenter is-style-rectangular\"><div class=\"tiled-gallery__gallery\"><div class=\"tiled-gallery__row\"><div class=\"tiled-gallery__col\" style=\"flex-basis:43.1735%;\"><figure class=\"tiled-gallery__item\"><img decoding=\"async\" alt=\"\" data-height=\"4208\" data-id=\"955\" data-link=\"https:\/\/elalifatoblog.wordpress.com\/img_20210803_170939\/\" data-url=\"https:\/\/elalifatoblog.files.wordpress.com\/2021\/08\/img_20210803_170939.jpg\" data-width=\"3120\" src=\"https:\/\/elalifatoblog.files.wordpress.com\/2021\/08\/img_20210803_170939.jpg\" data-amp-layout=\"responsive\"><\/figure><\/div><div class=\"tiled-gallery__col\" style=\"flex-basis:56.8265%;\"><figure class=\"tiled-gallery__item\"><img decoding=\"async\" alt=\"\" data-height=\"2435\" data-id=\"957\" data-link=\"https:\/\/elalifatoblog.wordpress.com\/tobias-y-rafael\/\" data-url=\"https:\/\/elalifatoblog.files.wordpress.com\/2021\/08\/tobias-y-rafael.jpg\" data-width=\"2378\" src=\"https:\/\/elalifatoblog.files.wordpress.com\/2021\/08\/tobias-y-rafael.jpg\" data-amp-layout=\"responsive\"><\/figure><\/div><\/div><\/div><\/div>\n<\/div><\/div>\n<\/div><\/div>\n\n\n\n<p class=\"has-text-align-justify\">Destacar una vez m\u00e1s, el <strong>s\u00edmbolo<\/strong> del <strong>pez<\/strong> en el cristianismo, en este caso tiene efecto sanador, pero a lo largo de su historia el pez representado de distintas formas hace referencia a los cristianos, especialmente en el cristianismo primitivo. Si quieres saber m\u00e1s sobre los s\u00edmbolos cristianos haz clic <a href=\"https:\/\/elalifatoblog.wordpress.com\/2020\/11\/24\/los-simbolos-secretos-cristianos\/\" target=\"_blank\" rel=\"noreferrer noopener\">aqu\u00ed<\/a>.<\/p>\n\n\n\n<h3 class=\"wp-block-heading\">CRUCIFIXI\u00d3N.<\/h3>\n\n\n\n<p class=\"has-text-align-justify\">Las pinturas de crucifixi\u00f3n est\u00e1n cargadas de <strong>simbolismo<\/strong> y peque\u00f1os detalles a los que muchas veces no se tienen acceso bien por desconocimiento o porque no se les da la importancia que merecen, pero esto va a ser nuestro caso pues vamos a analizar detenidamente esta obra:<\/p>\n\n\n\n<p class=\"has-text-align-center\"><strong>El retablo del Calvario<\/strong> <strong>\u2013 Rodrigo de<\/strong> <strong>Osona<\/strong> (foto 8).<\/p>\n\n\n\n<figure class=\"wp-block-image size-large\"><img decoding=\"async\" src=\"https:\/\/elalifatoblog.files.wordpress.com\/2021\/08\/img_20210803_171447-1.jpg?w=769\" alt=\"\" class=\"wp-image-959\"\/><\/figure>\n\n\n\n<p class=\"has-text-align-justify\">Su autor es <strong>valenciano<\/strong>, y esta obra es el punto de inflexi\u00f3n entre el estilo g\u00f3tico y el renacentista. Conservamos la tabla principal y la <strong>predela<\/strong> (foto 9), se han perdido los guardapolvos laterales con im\u00e1genes de San Nicol\u00e1s y San Pedro M\u00e1rtir.<\/p>\n\n\n\n<figure class=\"wp-block-image size-large is-resized\"><img decoding=\"async\" src=\"https:\/\/elalifatoblog.files.wordpress.com\/2021\/08\/img_20210803_171447-2-edited.jpg\" alt=\"\" class=\"wp-image-967\" style=\"width:705px;height:396px\"\/><figcaption class=\"wp-element-caption\">Detalle de predela.<\/figcaption><\/figure>\n\n\n\n<p class=\"has-text-align-justify\">En la <strong>predela<\/strong> se ubican (foto 9), en la escena central, la piedad y a ambos lados se encuentran San Pedro y San Pablo espada en mano. A la izquierda Santa Ana, con la virgen y el ni\u00f1o y el \u00e1ngel custodio a la derecha, en los extremos. La influencia <strong>renacentista<\/strong> de la obra se puede ver a los extremos de la predela, con decoraci\u00f3n profana.<\/p>\n\n\n\n<p class=\"has-text-align-justify\">En esta obra existen varios <strong>protagonistas<\/strong>, y esta mirada va a deslizarse del crucificado a la madre doliente, la cual se encuentra envuelta en un manto blanco (foto 11), los pliegues geom\u00e9tricos de este se deben a la influencia <strong>flamenca<\/strong> del autor. Junto con ella se encuentran las tres Mar\u00edas y San Juan. Detr\u00e1s de las figuras principales, vemos un tercer grupo, el de los jud\u00edos que reaccionan ante la muerte de Jes\u00fas.<\/p>\n\n\n\n<p class=\"has-text-align-justify\">Este instante retratado obedece a la <strong>lanzada<\/strong> (foto 10), por eso podemos apreciar como de la herida del costado est\u00e1 brotando sangre y agua.<\/p>\n\n\n\n<p class=\"has-text-align-justify\">Al fondo podemos ver justo detr\u00e1s de Jes\u00fas a un personaje que carga con la escalera para llevar a cabo el <strong>descendimiento<\/strong>, por la derecha vemos a la <strong>Ver\u00f3nica<\/strong> (foto 10), mostrando la Santa Faz y por la izquierda, se alejan los <strong>verdugos<\/strong>.<\/p>\n\n\n\n<p class=\"has-text-align-justify\">Al fondo, se vislumbra el mar y all\u00ed un <strong>nav\u00edo<\/strong> que nos recuerda que nos encontramos en plena <strong>ruta<\/strong> <strong>comercial<\/strong> del Mediterr\u00e1neo.<\/p>\n\n\n\n<div class=\"wp-block-group is-layout-constrained wp-block-group-is-layout-constrained\"><div class=\"wp-block-group__inner-container\">\n<div class=\"wp-block-group is-layout-constrained wp-block-group-is-layout-constrained\"><div class=\"wp-block-group__inner-container\">\n<div class=\"wp-block-jetpack-tiled-gallery aligncenter is-style-rectangular\"><div class=\"tiled-gallery__gallery\"><div class=\"tiled-gallery__row\"><div class=\"tiled-gallery__col\" style=\"flex-basis:63.90495%;\"><figure class=\"tiled-gallery__item\"><img decoding=\"async\" alt=\"\" data-height=\"3472\" data-id=\"962\" data-link=\"https:\/\/elalifatoblog.wordpress.com\/lanzada-descendimiento-barco-y-veronica\/\" data-url=\"https:\/\/elalifatoblog.files.wordpress.com\/2021\/08\/lanzada-descendimiento-barco-y-veronica.jpg\" data-width=\"4624\" src=\"https:\/\/elalifatoblog.files.wordpress.com\/2021\/08\/lanzada-descendimiento-barco-y-veronica.jpg\" data-amp-layout=\"responsive\"><\/figure><\/div><div class=\"tiled-gallery__col\" style=\"flex-basis:36.09505%;\"><figure class=\"tiled-gallery__item\"><img decoding=\"async\" alt=\"\" data-height=\"4624\" data-id=\"963\" data-link=\"https:\/\/elalifatoblog.wordpress.com\/tres-marias-juan-y-pano-geometrico-influ-flamenca\/\" data-url=\"https:\/\/elalifatoblog.files.wordpress.com\/2021\/08\/tres-marias-juan-y-pano-geometrico-influ-flamenca.jpg\" data-width=\"3472\" src=\"https:\/\/elalifatoblog.files.wordpress.com\/2021\/08\/tres-marias-juan-y-pano-geometrico-influ-flamenca.jpg\" data-amp-layout=\"responsive\"><\/figure><\/div><\/div><\/div><\/div>\n<\/div><\/div>\n<\/div><\/div>\n\n\n\n<pre class=\"wp-block-preformatted\">Si se ampl\u00edan las im\u00e1genes se puede observar recuadros destacando los detalles m\u00e1s importantes de la obra.<\/pre>\n\n\n\n<h3 class=\"wp-block-heading\">ROSET\u00d3N G\u00d3TICO, RETRATOS DE LOS AUTORES Y PERSONIFICACI\u00d3N DE LA MADRE IGLESIA.<\/h3>\n\n\n<div class=\"wp-block-image\">\n<figure class=\"alignleft size-large is-resized\"><img decoding=\"async\" src=\"https:\/\/elalifatoblog.files.wordpress.com\/2021\/08\/img_20210803_172034-1.jpg?w=1024\" alt=\"\" class=\"wp-image-968\" style=\"width:337px;height:252px\"\/><figcaption class=\"wp-element-caption\">Roset\u00f3n con estrella de David en su interior.<\/figcaption><\/figure><\/div>\n\n\n<p class=\"has-text-align-justify\">El <strong>roset\u00f3n g\u00f3tico<\/strong> con su <strong>estrella<\/strong> de David al centro nos quiere recordar el \u00e1rbol geneal\u00f3gico de Jes\u00fas (2 S 7,12-16; Sal 89,4)<\/p>\n\n\n\n<p class=\"has-text-align-justify\">La <strong>autor\u00eda<\/strong> de esta capilla se debe a los dos retratos presentes en el <strong>fresco<\/strong> que acompa\u00f1a al roset\u00f3n. Hay un personaje vestido de negro riguroso, conocido como \u201ca la espa\u00f1ola\u201d y se trata del cordob\u00e9s <strong>Antonio Palomino<\/strong>, pintor e historiador de la pintura. Sus cielos de trampantojo decoran tambi\u00e9n la c\u00fapula de la bas\u00edlica de la Virgen de los Desamparados.<\/p>\n\n\n\n<p class=\"has-text-align-justify\">Aunque en este caso Palomino no pint\u00f3 los frescos de la c\u00fapula de San Nicol\u00e1s, sino que solo los dise\u00f1\u00f3. El que lo hizo fue el otro personaje que aparece a la izquierda del roset\u00f3n, su disc\u00edpulo valenciano <strong>Dion\u00eds<\/strong> <strong>Vidal<\/strong>, el cual asumi\u00f3 la tarea de pintar una superficie de 200 metro cuadrados. En su auto retrato, se\u00f1ala los diagramas dise\u00f1ados y se dirige a su maestro.<\/p>\n\n\n\n<p class=\"has-text-align-justify\">Una <strong>figura<\/strong> <strong>femenina<\/strong> se alza entre el roset\u00f3n y la original puerta de entrada, en actitud triunfal. Es la personificaci\u00f3n de la <strong>Iglesia<\/strong>.<\/p>\n\n\n\n<h4 class=\"wp-block-heading\"> Galer\u00eda de frescos en paredes y roset\u00f3n:<\/h4>\n\n\n\n<pre id=\"block-5eb92e54-c234-4aa3-bc55-cfb19522023b\" class=\"wp-block-preformatted\">Si se ampl\u00edan las im\u00e1genes se puede observar recuadros destacando los detalles m\u00e1s importantes de la obra.<\/pre>\n\n\n\n<div class=\"wp-block-group is-layout-constrained wp-block-group-is-layout-constrained\"><div class=\"wp-block-group__inner-container\">\n<div class=\"wp-block-group is-layout-constrained wp-block-group-is-layout-constrained\"><div class=\"wp-block-group__inner-container\">\n<div class=\"wp-block-group is-layout-constrained wp-block-group-is-layout-constrained\"><div class=\"wp-block-group__inner-container\">\n<div class=\"wp-block-jetpack-tiled-gallery aligncenter is-style-rectangular\"><div class=\"tiled-gallery__gallery\"><div class=\"tiled-gallery__row\"><div class=\"tiled-gallery__col\" style=\"flex-basis:100%;\"><figure class=\"tiled-gallery__item\"><img decoding=\"async\" alt=\"\" data-height=\"1255\" data-id=\"970\" data-link=\"https:\/\/elalifatoblog.wordpress.com\/autores-frescos\/\" data-url=\"https:\/\/elalifatoblog.files.wordpress.com\/2021\/08\/autores-frescos.jpg\" data-width=\"3029\" src=\"https:\/\/elalifatoblog.files.wordpress.com\/2021\/08\/autores-frescos.jpg\" data-amp-layout=\"responsive\"><\/figure><\/div><\/div><div class=\"tiled-gallery__row\"><div class=\"tiled-gallery__col\" style=\"flex-basis:34.57622%;\"><figure class=\"tiled-gallery__item\"><img decoding=\"async\" alt=\"\" data-height=\"3463\" data-id=\"971\" data-link=\"https:\/\/elalifatoblog.wordpress.com\/autores-madre-iglesia-y-roseton\/\" data-url=\"https:\/\/elalifatoblog.files.wordpress.com\/2021\/08\/autores-madre-iglesia-y-roseton.jpg\" data-width=\"3472\" src=\"https:\/\/elalifatoblog.files.wordpress.com\/2021\/08\/autores-madre-iglesia-y-roseton.jpg\" data-amp-layout=\"responsive\"><\/figure><figure class=\"tiled-gallery__item\"><img decoding=\"async\" alt=\"\" data-height=\"3472\" data-id=\"972\" data-link=\"https:\/\/elalifatoblog.wordpress.com\/img_20210803_172034-2\/\" data-url=\"https:\/\/elalifatoblog.files.wordpress.com\/2021\/08\/img_20210803_172034-2.jpg\" data-width=\"4624\" src=\"https:\/\/elalifatoblog.files.wordpress.com\/2021\/08\/img_20210803_172034-2.jpg\" data-amp-layout=\"responsive\"><\/figure><figure class=\"tiled-gallery__item\"><img decoding=\"async\" alt=\"\" data-height=\"3472\" data-id=\"973\" data-link=\"https:\/\/elalifatoblog.wordpress.com\/img_20210803_172102-1\/\" data-url=\"https:\/\/elalifatoblog.files.wordpress.com\/2021\/08\/img_20210803_172102-1.jpg\" data-width=\"4624\" src=\"https:\/\/elalifatoblog.files.wordpress.com\/2021\/08\/img_20210803_172102-1.jpg\" data-amp-layout=\"responsive\"><\/figure><\/div><div class=\"tiled-gallery__col\" style=\"flex-basis:65.42378%;\"><figure class=\"tiled-gallery__item\"><img decoding=\"async\" alt=\"\" data-height=\"4624\" data-id=\"974\" data-link=\"https:\/\/elalifatoblog.wordpress.com\/img_20210803_172159-1\/\" data-url=\"https:\/\/elalifatoblog.files.wordpress.com\/2021\/08\/img_20210803_172159-1.jpg\" data-width=\"3472\" src=\"https:\/\/elalifatoblog.files.wordpress.com\/2021\/08\/img_20210803_172159-1.jpg\" data-amp-layout=\"responsive\"><\/figure><\/div><\/div><\/div><\/div>\n<\/div><\/div>\n<\/div><\/div>\n<\/div><\/div>\n\n\n\n<h3 class=\"wp-block-heading\">FUENTE Y POZO<\/h3>\n\n\n\n<p class=\"has-text-align-justify\">En la <strong>capilla<\/strong> <strong>neocl\u00e1sica<\/strong> que responde a la advocaci\u00f3n de la <strong>Inmaculada Concepci\u00f3n<\/strong> la cual se encuentra flanqueada por las figuras de sus padres San Joaqu\u00edn y Santa Ana, se ubican arriba en sus laterales un pozo y una fuente que resultan casi imperceptibles.<\/p>\n\n\n\n<p class=\"has-text-align-justify\">La simbolog\u00eda de estos elementos es altamente curiosa e importante pues son dos <strong>s\u00edmbolos marianos<\/strong> extra\u00eddos del Cantar de los Cantares 4:15: <em>\u201cTu eres&nbsp;fuente&nbsp;de&nbsp;huertos,&nbsp;Pozo&nbsp;de aguas&nbsp;vivas, Y corrientes que fluyen del L\u00edbano\u201d.<\/em><\/p>\n\n\n\n<div class=\"wp-block-group is-layout-constrained wp-block-group-is-layout-constrained\"><div class=\"wp-block-group__inner-container\">\n<div class=\"wp-block-group is-layout-constrained wp-block-group-is-layout-constrained\"><div class=\"wp-block-group__inner-container\">\n<div class=\"wp-block-group is-layout-constrained wp-block-group-is-layout-constrained\"><div class=\"wp-block-group__inner-container\">\n<div class=\"wp-block-jetpack-slideshow aligncenter\" data-effect=\"slide\"><div class=\"wp-block-jetpack-slideshow_container swiper-container\"><ul class=\"wp-block-jetpack-slideshow_swiper-wrapper swiper-wrapper\"><li class=\"wp-block-jetpack-slideshow_slide swiper-slide\"><figure><img decoding=\"async\" alt=\"\" class=\"wp-block-jetpack-slideshow_image wp-image-977\" data-id=\"977\" src=\"https:\/\/elalifatoblog.files.wordpress.com\/2021\/08\/img_20210803_171703-1.jpg\"><\/figure><\/li><li class=\"wp-block-jetpack-slideshow_slide swiper-slide\"><figure><img decoding=\"async\" alt=\"\" class=\"wp-block-jetpack-slideshow_image wp-image-978\" data-id=\"978\" src=\"https:\/\/elalifatoblog.files.wordpress.com\/2021\/08\/img_20210803_171719-1.jpg\"><\/figure><\/li><li class=\"wp-block-jetpack-slideshow_slide swiper-slide\"><figure><img decoding=\"async\" alt=\"\" class=\"wp-block-jetpack-slideshow_image wp-image-979\" data-id=\"979\" src=\"https:\/\/elalifatoblog.files.wordpress.com\/2021\/08\/img_20210803_171832-1.jpg\"><\/figure><\/li><\/ul><a class=\"wp-block-jetpack-slideshow_button-prev swiper-button-prev swiper-button-white\" role=\"button\"><\/a><a class=\"wp-block-jetpack-slideshow_button-next swiper-button-next swiper-button-white\" role=\"button\"><\/a><a aria-label=\"Pause Slideshow\" class=\"wp-block-jetpack-slideshow_button-pause\" role=\"button\"><\/a><div class=\"wp-block-jetpack-slideshow_pagination swiper-pagination swiper-pagination-white\"><\/div><\/div><\/div>\n<\/div><\/div>\n<\/div><\/div>\n<\/div><\/div>\n\n\n\n<h1 class=\"wp-block-heading has-text-align-left\">SAN JUDAS TADEO<\/h1>\n\n\n\n<p class=\"has-text-align-justify\">Aunque hemos destacado algunos de los elementos m\u00e1s curiosos de San Nicol\u00e1s, en lo que refiere a arte sacro e imaginer\u00eda, no podemos dejar pasar las curiosidades que rodean la capilla dedicada a <strong>San Judas Tadeo<\/strong>, tambi\u00e9n conocido como el patr\u00f3n de los imposibles.<\/p>\n\n\n\n<p class=\"has-text-align-justify\">Fue uno de los doce ap\u00f3stoles y seg\u00fan la tradici\u00f3n muri\u00f3 decapitado (de ah\u00ed el hacha que porta la figura), en cuanto al medall\u00f3n con la imagen de Cristo que sostiene entre sus manos, se trata de una alusi\u00f3n a la curaci\u00f3n del rey de Edesa.<\/p>\n\n\n\n<p class=\"has-text-align-justify\">Es tanta la <strong>devoci\u00f3n<\/strong> que despierta que su capilla se encuentra cercada por una nada desde\u00f1able, tecnolog\u00eda que permite los pagos mediante <strong>TPV<\/strong>, sin duda no podemos discutir que la Iglesia se est\u00e1 adaptando a los nuevos tiempos, ser\u00eda importante que no solo lo hiciera en lo econ\u00f3mico, sino en todos los sentidos.<\/p>\n\n\n\n<div class=\"wp-block-group is-layout-constrained wp-block-group-is-layout-constrained\"><div class=\"wp-block-group__inner-container\">\n<div class=\"wp-block-jetpack-tiled-gallery aligncenter is-style-rectangular\"><div class=\"tiled-gallery__gallery\"><div class=\"tiled-gallery__row\"><div class=\"tiled-gallery__col\" style=\"flex-basis:49.95045%;\"><figure class=\"tiled-gallery__item\"><img decoding=\"async\" alt=\"\" data-height=\"1600\" data-id=\"982\" data-link=\"https:\/\/elalifatoblog.wordpress.com\/whatsapp-image-2021-08-17-at-17-18-33-1\/\" data-url=\"https:\/\/elalifatoblog.files.wordpress.com\/2021\/08\/whatsapp-image-2021-08-17-at-17.18.33-1.jpeg\" data-width=\"1199\" src=\"https:\/\/elalifatoblog.files.wordpress.com\/2021\/08\/whatsapp-image-2021-08-17-at-17.18.33-1.jpeg\" data-amp-layout=\"responsive\"><\/figure><\/div><div class=\"tiled-gallery__col\" style=\"flex-basis:50.04955%;\"><figure class=\"tiled-gallery__item\"><img decoding=\"async\" alt=\"\" data-height=\"4624\" data-id=\"983\" data-link=\"https:\/\/elalifatoblog.wordpress.com\/img_20210803_171917-1\/\" data-url=\"https:\/\/elalifatoblog.files.wordpress.com\/2021\/08\/img_20210803_171917-1.jpg\" data-width=\"3472\" src=\"https:\/\/elalifatoblog.files.wordpress.com\/2021\/08\/img_20210803_171917-1.jpg\" data-amp-layout=\"responsive\"><\/figure><\/div><\/div><\/div><\/div>\n<\/div><\/div>\n\n\n\n<h2 class=\"wp-block-heading\">\u00a1No os lo pod\u00e9is perder!<\/h2>\n\n\n\n<p class=\"has-text-align-justify\">Y &nbsp;a pesar de todo el trabajo que me ha llevado construir este articulo para llevaros un trocito de la historia valenciana a vuestros hogares, nada le hace justicia a San Nicol\u00e1s como que vay\u00e1is a verlo con vuestros propios ojos, adem\u00e1s si sois valencianos u os encontr\u00e1is en valencia y ten\u00e9is tiempo, existe la <strong>tradici\u00f3n<\/strong> de marchar como peregrinaci\u00f3n desde vuestros hogares hasta la parroquia, andando y en completo silencio cada lunes, durante tres semanas. Por si acaso os anim\u00e1is os dejo por aqu\u00ed toda la informaci\u00f3n:<\/p>\n\n\n\n<div class=\"wp-block-jetpack-contact-info\">\n\n<div class=\"wp-block-jetpack-address\"><a href=\"https:\/\/www.google.com\/maps\/search\/Calle+De Los Caballeros 35, Acceso A La Visita Tur\u00edstica Por Calle Caballeros N\u00ba 35, ,+Valencia,+46001+Espa\u00f1a\" target=\"_blank\" rel=\"noopener noreferrer\" title=\"Abrir direcci\u00f3n en Google Maps\"><div class=\"jetpack-address__address jetpack-address__address1\">Calle De Los Caballeros 35, Acceso A La Visita Tur\u00edstica Por Calle Caballeros N\u00ba 35, <\/div><div><span class=\"jetpack-address__city\">Valencia<\/span>, <span class=\"jetpack-address__region\"><\/span> <span class=\"jetpack-address__postal\">46001<\/span><\/div><div class=\"jetpack-address__country\">Espa\u00f1a<\/div><\/a><\/div>\n\n\n<div class=\"wp-block-jetpack-phone\"><a href=\"tel:963913317\">963 913 317<\/a><\/div>\n\n<\/div>\n\n\n\n<h3 class=\"wp-block-heading\">Galer\u00eda completa de im\u00e1genes de arte sacro y parroquia de San Nicol\u00e1s, Valencia:<\/h3>\n\n\n\n<div class=\"wp-block-group is-layout-constrained wp-block-group-is-layout-constrained\"><div class=\"wp-block-group__inner-container\">\n<div class=\"wp-block-group is-layout-constrained wp-block-group-is-layout-constrained\"><div class=\"wp-block-group__inner-container\">\n<div class=\"wp-block-columns is-layout-flex wp-container-24 wp-block-columns-is-layout-flex\">\n<div class=\"wp-block-column is-layout-flow wp-block-column-is-layout-flow\" style=\"flex-basis:100%\">\n<div class=\"wp-block-group is-layout-constrained wp-block-group-is-layout-constrained\"><div class=\"wp-block-group__inner-container\">\n<div class=\"wp-block-group is-layout-constrained wp-block-group-is-layout-constrained\"><div class=\"wp-block-group__inner-container\">\n<div class=\"wp-block-group is-layout-constrained wp-block-group-is-layout-constrained\"><div class=\"wp-block-group__inner-container\">\n<div class=\"wp-block-group is-layout-constrained wp-block-group-is-layout-constrained\"><div class=\"wp-block-group__inner-container\">\n<div class=\"wp-block-group is-layout-constrained wp-block-group-is-layout-constrained\"><div class=\"wp-block-group__inner-container\">\n<div class=\"wp-block-jetpack-slideshow aligncenter\" data-effect=\"slide\"><div class=\"wp-block-jetpack-slideshow_container swiper-container\"><ul class=\"wp-block-jetpack-slideshow_swiper-wrapper swiper-wrapper\"><li class=\"wp-block-jetpack-slideshow_slide swiper-slide\"><figure><img decoding=\"async\" alt=\"\" class=\"wp-block-jetpack-slideshow_image wp-image-985\" data-id=\"985\" src=\"https:\/\/elalifatoblog.files.wordpress.com\/2021\/08\/img_20210803_170901.jpg?w=769\"><\/figure><\/li><li class=\"wp-block-jetpack-slideshow_slide swiper-slide\"><figure><img decoding=\"async\" alt=\"\" class=\"wp-block-jetpack-slideshow_image wp-image-986\" data-id=\"986\" src=\"https:\/\/elalifatoblog.files.wordpress.com\/2021\/08\/img_20210803_171034.jpg?w=769\"><\/figure><\/li><li class=\"wp-block-jetpack-slideshow_slide swiper-slide\"><figure><img decoding=\"async\" alt=\"\" class=\"wp-block-jetpack-slideshow_image wp-image-987\" data-id=\"987\" src=\"https:\/\/elalifatoblog.files.wordpress.com\/2021\/08\/img_20210803_171156.jpg?w=769\"><\/figure><\/li><li class=\"wp-block-jetpack-slideshow_slide swiper-slide\"><figure><img decoding=\"async\" alt=\"\" class=\"wp-block-jetpack-slideshow_image wp-image-988\" data-id=\"988\" src=\"https:\/\/elalifatoblog.files.wordpress.com\/2021\/08\/img_20210803_171352-2.jpg?w=759\"><\/figure><\/li><li class=\"wp-block-jetpack-slideshow_slide swiper-slide\"><figure><img decoding=\"async\" alt=\"\" class=\"wp-block-jetpack-slideshow_image wp-image-989\" data-id=\"989\" src=\"https:\/\/elalifatoblog.files.wordpress.com\/2021\/08\/img_20210803_171543-1.jpg?w=769\"><\/figure><\/li><li class=\"wp-block-jetpack-slideshow_slide swiper-slide\"><figure><img decoding=\"async\" alt=\"\" class=\"wp-block-jetpack-slideshow_image wp-image-990\" data-id=\"990\" src=\"https:\/\/elalifatoblog.files.wordpress.com\/2021\/08\/img_20210803_171932-1.jpg?w=769\"><\/figure><\/li><li class=\"wp-block-jetpack-slideshow_slide swiper-slide\"><figure><img decoding=\"async\" alt=\"\" class=\"wp-block-jetpack-slideshow_image wp-image-991\" data-id=\"991\" src=\"https:\/\/elalifatoblog.files.wordpress.com\/2021\/08\/img_20210803_172630-1.jpg?w=769\"><\/figure><\/li><li class=\"wp-block-jetpack-slideshow_slide swiper-slide\"><figure><img decoding=\"async\" alt=\"\" class=\"wp-block-jetpack-slideshow_image wp-image-992\" data-id=\"992\" src=\"https:\/\/elalifatoblog.files.wordpress.com\/2021\/08\/img_20210803_172717-1.jpg?w=769\"><\/figure><\/li><li class=\"wp-block-jetpack-slideshow_slide swiper-slide\"><figure><img decoding=\"async\" alt=\"\" class=\"wp-block-jetpack-slideshow_image wp-image-993\" data-id=\"993\" src=\"https:\/\/elalifatoblog.files.wordpress.com\/2021\/08\/img_20210803_172730-1.jpg?w=769\"><\/figure><\/li><li class=\"wp-block-jetpack-slideshow_slide swiper-slide\"><figure><img decoding=\"async\" alt=\"\" class=\"wp-block-jetpack-slideshow_image wp-image-994\" data-id=\"994\" src=\"https:\/\/elalifatoblog.files.wordpress.com\/2021\/08\/img_20210803_172752-1.jpg?w=1024\"><\/figure><\/li><li class=\"wp-block-jetpack-slideshow_slide swiper-slide\"><figure><img decoding=\"async\" alt=\"\" class=\"wp-block-jetpack-slideshow_image wp-image-995\" data-id=\"995\" src=\"https:\/\/elalifatoblog.files.wordpress.com\/2021\/08\/img_20210803_172817-1.jpg?w=769\"><\/figure><\/li><li class=\"wp-block-jetpack-slideshow_slide swiper-slide\"><figure><img decoding=\"async\" alt=\"\" class=\"wp-block-jetpack-slideshow_image wp-image-996\" data-id=\"996\" src=\"https:\/\/elalifatoblog.files.wordpress.com\/2021\/08\/img_20210803_172831-1.jpg?w=769\"><\/figure><\/li><\/ul><a class=\"wp-block-jetpack-slideshow_button-prev swiper-button-prev swiper-button-white\" role=\"button\"><\/a><a class=\"wp-block-jetpack-slideshow_button-next swiper-button-next swiper-button-white\" role=\"button\"><\/a><a aria-label=\"Pause Slideshow\" class=\"wp-block-jetpack-slideshow_button-pause\" role=\"button\"><\/a><div class=\"wp-block-jetpack-slideshow_pagination swiper-pagination swiper-pagination-white\"><\/div><\/div><\/div>\n<\/div><\/div>\n<\/div><\/div>\n<\/div><\/div>\n<\/div><\/div>\n<\/div><\/div>\n<\/div>\n<\/div>\n<\/div><\/div>\n<\/div><\/div>\n\n\n\n<h3 class=\"wp-block-heading\">Cr\u00e9ditos:<\/h3>\n\n\n\n<pre class=\"wp-block-preformatted\">\u00ae Todas las fotograf\u00edas fueron tomadas por Enrique Cereceda @zerezeda a excepci\u00f3n del fresco de la limosna (foto 5) que pertenece a la galer\u00eda de la parroquia.<\/pre>\n\n\n\n<p> <\/p>\n","protected":false},"excerpt":{"rendered":"<p>INTRODUCCI\u00d3N Acompa\u00f1adme a visitar la Capilla Sixtina valenciana, un rinc\u00f3n oculto en el casco antiguo de Valencia que recibe este sobre nombre por su similitud con la original sita en Roma, pero sobre todo porque su restauraci\u00f3n recay\u00f3 en manos del mism\u00edsimo restaurador de la capilla Sixtina romana, Gianluigi Colalucci. Conocida habitualmente como Parroquia de [&hellip;]<\/p>\n","protected":false},"author":2,"featured_media":1699,"comment_status":"open","ping_status":"open","sticky":false,"template":"","format":"standard","meta":{"footnotes":""},"categories":[77],"tags":[],"yoast_head":"<!-- This site is optimized with the Yoast SEO plugin v22.6 - https:\/\/yoast.com\/wordpress\/plugins\/seo\/ -->\n<title>La Capilla Sixtina valenciana (Parroquia de San Nicol\u00e1s de Bari). - elalifato.blog<\/title>\n<meta name=\"robots\" content=\"index, follow, max-snippet:-1, max-image-preview:large, max-video-preview:-1\" \/>\n<link rel=\"canonical\" href=\"https:\/\/elalifato.blog\/index.php\/2021\/08\/17\/parroquia-de-san-nicolas-de-bari-la-capilla-sixtina-valenciana\/\" \/>\n<meta property=\"og:locale\" content=\"es_ES\" \/>\n<meta property=\"og:type\" content=\"article\" \/>\n<meta property=\"og:title\" content=\"La Capilla Sixtina valenciana (Parroquia de San Nicol\u00e1s de Bari). - elalifato.blog\" \/>\n<meta property=\"og:description\" content=\"INTRODUCCI\u00d3N Acompa\u00f1adme a visitar la Capilla Sixtina valenciana, un rinc\u00f3n oculto en el casco antiguo de Valencia que recibe este sobre nombre por su similitud con la original sita en Roma, pero sobre todo porque su restauraci\u00f3n recay\u00f3 en manos del mism\u00edsimo restaurador de la capilla Sixtina romana, Gianluigi Colalucci. Conocida habitualmente como Parroquia de [&hellip;]\" \/>\n<meta property=\"og:url\" content=\"https:\/\/elalifato.blog\/index.php\/2021\/08\/17\/parroquia-de-san-nicolas-de-bari-la-capilla-sixtina-valenciana\/\" \/>\n<meta property=\"og:site_name\" content=\"elalifato.blog\" \/>\n<meta property=\"article:published_time\" content=\"2021-08-17T16:14:41+00:00\" \/>\n<meta property=\"article:modified_time\" content=\"2024-01-31T09:26:30+00:00\" \/>\n<meta property=\"og:image\" content=\"https:\/\/elalifato.blog\/wp-content\/uploads\/2021\/08\/img_20210803_171328-1.webp\" \/>\n\t<meta property=\"og:image:width\" content=\"769\" \/>\n\t<meta property=\"og:image:height\" content=\"1024\" \/>\n\t<meta property=\"og:image:type\" content=\"image\/webp\" \/>\n<meta name=\"author\" content=\"Adriana Pastor Mancl\u00fas\" \/>\n<meta name=\"twitter:card\" content=\"summary_large_image\" \/>\n<meta name=\"twitter:label1\" content=\"Escrito por\" \/>\n\t<meta name=\"twitter:data1\" content=\"Adriana Pastor Mancl\u00fas\" \/>\n\t<meta name=\"twitter:label2\" content=\"Tiempo de lectura\" \/>\n\t<meta name=\"twitter:data2\" content=\"17 minutos\" \/>\n<script type=\"application\/ld+json\" class=\"yoast-schema-graph\">{\"@context\":\"https:\/\/schema.org\",\"@graph\":[{\"@type\":\"Article\",\"@id\":\"https:\/\/elalifato.blog\/index.php\/2021\/08\/17\/parroquia-de-san-nicolas-de-bari-la-capilla-sixtina-valenciana\/#article\",\"isPartOf\":{\"@id\":\"https:\/\/elalifato.blog\/index.php\/2021\/08\/17\/parroquia-de-san-nicolas-de-bari-la-capilla-sixtina-valenciana\/\"},\"author\":{\"name\":\"Adriana Pastor Mancl\u00fas\",\"@id\":\"https:\/\/elalifato.blog\/#\/schema\/person\/6bc5d4d3e2a3506e66e17752410b50f8\"},\"headline\":\"La Capilla Sixtina valenciana (Parroquia de San Nicol\u00e1s de Bari).\",\"datePublished\":\"2021-08-17T16:14:41+00:00\",\"dateModified\":\"2024-01-31T09:26:30+00:00\",\"mainEntityOfPage\":{\"@id\":\"https:\/\/elalifato.blog\/index.php\/2021\/08\/17\/parroquia-de-san-nicolas-de-bari-la-capilla-sixtina-valenciana\/\"},\"wordCount\":1741,\"commentCount\":0,\"publisher\":{\"@id\":\"https:\/\/elalifato.blog\/#\/schema\/person\/6bc5d4d3e2a3506e66e17752410b50f8\"},\"image\":{\"@id\":\"https:\/\/elalifato.blog\/index.php\/2021\/08\/17\/parroquia-de-san-nicolas-de-bari-la-capilla-sixtina-valenciana\/#primaryimage\"},\"thumbnailUrl\":\"https:\/\/elalifato.blog\/wp-content\/uploads\/2021\/08\/img_20210803_171328-1.webp\",\"articleSection\":[\"Emplazamientos Hist\u00f3ricos\"],\"inLanguage\":\"es\",\"potentialAction\":[{\"@type\":\"CommentAction\",\"name\":\"Comment\",\"target\":[\"https:\/\/elalifato.blog\/index.php\/2021\/08\/17\/parroquia-de-san-nicolas-de-bari-la-capilla-sixtina-valenciana\/#respond\"]}]},{\"@type\":\"WebPage\",\"@id\":\"https:\/\/elalifato.blog\/index.php\/2021\/08\/17\/parroquia-de-san-nicolas-de-bari-la-capilla-sixtina-valenciana\/\",\"url\":\"https:\/\/elalifato.blog\/index.php\/2021\/08\/17\/parroquia-de-san-nicolas-de-bari-la-capilla-sixtina-valenciana\/\",\"name\":\"La Capilla Sixtina valenciana (Parroquia de San Nicol\u00e1s de Bari). - elalifato.blog\",\"isPartOf\":{\"@id\":\"https:\/\/elalifato.blog\/#website\"},\"primaryImageOfPage\":{\"@id\":\"https:\/\/elalifato.blog\/index.php\/2021\/08\/17\/parroquia-de-san-nicolas-de-bari-la-capilla-sixtina-valenciana\/#primaryimage\"},\"image\":{\"@id\":\"https:\/\/elalifato.blog\/index.php\/2021\/08\/17\/parroquia-de-san-nicolas-de-bari-la-capilla-sixtina-valenciana\/#primaryimage\"},\"thumbnailUrl\":\"https:\/\/elalifato.blog\/wp-content\/uploads\/2021\/08\/img_20210803_171328-1.webp\",\"datePublished\":\"2021-08-17T16:14:41+00:00\",\"dateModified\":\"2024-01-31T09:26:30+00:00\",\"breadcrumb\":{\"@id\":\"https:\/\/elalifato.blog\/index.php\/2021\/08\/17\/parroquia-de-san-nicolas-de-bari-la-capilla-sixtina-valenciana\/#breadcrumb\"},\"inLanguage\":\"es\",\"potentialAction\":[{\"@type\":\"ReadAction\",\"target\":[\"https:\/\/elalifato.blog\/index.php\/2021\/08\/17\/parroquia-de-san-nicolas-de-bari-la-capilla-sixtina-valenciana\/\"]}]},{\"@type\":\"ImageObject\",\"inLanguage\":\"es\",\"@id\":\"https:\/\/elalifato.blog\/index.php\/2021\/08\/17\/parroquia-de-san-nicolas-de-bari-la-capilla-sixtina-valenciana\/#primaryimage\",\"url\":\"https:\/\/elalifato.blog\/wp-content\/uploads\/2021\/08\/img_20210803_171328-1.webp\",\"contentUrl\":\"https:\/\/elalifato.blog\/wp-content\/uploads\/2021\/08\/img_20210803_171328-1.webp\",\"width\":769,\"height\":1024},{\"@type\":\"BreadcrumbList\",\"@id\":\"https:\/\/elalifato.blog\/index.php\/2021\/08\/17\/parroquia-de-san-nicolas-de-bari-la-capilla-sixtina-valenciana\/#breadcrumb\",\"itemListElement\":[{\"@type\":\"ListItem\",\"position\":1,\"name\":\"Portada\",\"item\":\"https:\/\/elalifato.blog\/\"},{\"@type\":\"ListItem\",\"position\":2,\"name\":\"La Capilla Sixtina valenciana (Parroquia de San Nicol\u00e1s de Bari).\"}]},{\"@type\":\"WebSite\",\"@id\":\"https:\/\/elalifato.blog\/#website\",\"url\":\"https:\/\/elalifato.blog\/\",\"name\":\"elalifato.blog\",\"description\":\"En elalifato.blog podr\u00e1s leer ensayos y art\u00edculos hist\u00f3ricos relacionados con multitud de temas y \u00e9pocas, historia del arte y antropolog\u00eda de las religiones. Un sitio donde descubrir\u00e1s emplazamientos hist\u00f3ricos que no conoc\u00edas as\u00ed como consejos para visitarlos.\",\"publisher\":{\"@id\":\"https:\/\/elalifato.blog\/#\/schema\/person\/6bc5d4d3e2a3506e66e17752410b50f8\"},\"potentialAction\":[{\"@type\":\"SearchAction\",\"target\":{\"@type\":\"EntryPoint\",\"urlTemplate\":\"https:\/\/elalifato.blog\/?s={search_term_string}\"},\"query-input\":\"required name=search_term_string\"}],\"inLanguage\":\"es\"},{\"@type\":[\"Person\",\"Organization\"],\"@id\":\"https:\/\/elalifato.blog\/#\/schema\/person\/6bc5d4d3e2a3506e66e17752410b50f8\",\"name\":\"Adriana Pastor Mancl\u00fas\",\"image\":{\"@type\":\"ImageObject\",\"inLanguage\":\"es\",\"@id\":\"https:\/\/elalifato.blog\/#\/schema\/person\/image\/\",\"url\":\"https:\/\/elalifato.blog\/wp-content\/uploads\/2023\/09\/elalifatoblog-logo.svg\",\"contentUrl\":\"https:\/\/elalifato.blog\/wp-content\/uploads\/2023\/09\/elalifatoblog-logo.svg\",\"width\":5516,\"height\":1000,\"caption\":\"Adriana Pastor Mancl\u00fas\"},\"logo\":{\"@id\":\"https:\/\/elalifato.blog\/#\/schema\/person\/image\/\"},\"description\":\"Graduada en Historia, Geograf\u00eda e Historia del Arte. Especializada en Historia de las Religiones y Mundo Isl\u00e1mico.\",\"sameAs\":[\"http:\/\/elalifato.blog\"],\"url\":\"https:\/\/elalifato.blog\/index.php\/author\/adrianapastor\/\"}]}<\/script>\n<!-- \/ Yoast SEO plugin. -->","yoast_head_json":{"title":"La Capilla Sixtina valenciana (Parroquia de San Nicol\u00e1s de Bari). - elalifato.blog","robots":{"index":"index","follow":"follow","max-snippet":"max-snippet:-1","max-image-preview":"max-image-preview:large","max-video-preview":"max-video-preview:-1"},"canonical":"https:\/\/elalifato.blog\/index.php\/2021\/08\/17\/parroquia-de-san-nicolas-de-bari-la-capilla-sixtina-valenciana\/","og_locale":"es_ES","og_type":"article","og_title":"La Capilla Sixtina valenciana (Parroquia de San Nicol\u00e1s de Bari). - elalifato.blog","og_description":"INTRODUCCI\u00d3N Acompa\u00f1adme a visitar la Capilla Sixtina valenciana, un rinc\u00f3n oculto en el casco antiguo de Valencia que recibe este sobre nombre por su similitud con la original sita en Roma, pero sobre todo porque su restauraci\u00f3n recay\u00f3 en manos del mism\u00edsimo restaurador de la capilla Sixtina romana, Gianluigi Colalucci. Conocida habitualmente como Parroquia de [&hellip;]","og_url":"https:\/\/elalifato.blog\/index.php\/2021\/08\/17\/parroquia-de-san-nicolas-de-bari-la-capilla-sixtina-valenciana\/","og_site_name":"elalifato.blog","article_published_time":"2021-08-17T16:14:41+00:00","article_modified_time":"2024-01-31T09:26:30+00:00","og_image":[{"width":769,"height":1024,"url":"https:\/\/elalifato.blog\/wp-content\/uploads\/2021\/08\/img_20210803_171328-1.webp","type":"image\/webp"}],"author":"Adriana Pastor Mancl\u00fas","twitter_card":"summary_large_image","twitter_misc":{"Escrito por":"Adriana Pastor Mancl\u00fas","Tiempo de lectura":"17 minutos"},"schema":{"@context":"https:\/\/schema.org","@graph":[{"@type":"Article","@id":"https:\/\/elalifato.blog\/index.php\/2021\/08\/17\/parroquia-de-san-nicolas-de-bari-la-capilla-sixtina-valenciana\/#article","isPartOf":{"@id":"https:\/\/elalifato.blog\/index.php\/2021\/08\/17\/parroquia-de-san-nicolas-de-bari-la-capilla-sixtina-valenciana\/"},"author":{"name":"Adriana Pastor Mancl\u00fas","@id":"https:\/\/elalifato.blog\/#\/schema\/person\/6bc5d4d3e2a3506e66e17752410b50f8"},"headline":"La Capilla Sixtina valenciana (Parroquia de San Nicol\u00e1s de Bari).","datePublished":"2021-08-17T16:14:41+00:00","dateModified":"2024-01-31T09:26:30+00:00","mainEntityOfPage":{"@id":"https:\/\/elalifato.blog\/index.php\/2021\/08\/17\/parroquia-de-san-nicolas-de-bari-la-capilla-sixtina-valenciana\/"},"wordCount":1741,"commentCount":0,"publisher":{"@id":"https:\/\/elalifato.blog\/#\/schema\/person\/6bc5d4d3e2a3506e66e17752410b50f8"},"image":{"@id":"https:\/\/elalifato.blog\/index.php\/2021\/08\/17\/parroquia-de-san-nicolas-de-bari-la-capilla-sixtina-valenciana\/#primaryimage"},"thumbnailUrl":"https:\/\/elalifato.blog\/wp-content\/uploads\/2021\/08\/img_20210803_171328-1.webp","articleSection":["Emplazamientos Hist\u00f3ricos"],"inLanguage":"es","potentialAction":[{"@type":"CommentAction","name":"Comment","target":["https:\/\/elalifato.blog\/index.php\/2021\/08\/17\/parroquia-de-san-nicolas-de-bari-la-capilla-sixtina-valenciana\/#respond"]}]},{"@type":"WebPage","@id":"https:\/\/elalifato.blog\/index.php\/2021\/08\/17\/parroquia-de-san-nicolas-de-bari-la-capilla-sixtina-valenciana\/","url":"https:\/\/elalifato.blog\/index.php\/2021\/08\/17\/parroquia-de-san-nicolas-de-bari-la-capilla-sixtina-valenciana\/","name":"La Capilla Sixtina valenciana (Parroquia de San Nicol\u00e1s de Bari). - elalifato.blog","isPartOf":{"@id":"https:\/\/elalifato.blog\/#website"},"primaryImageOfPage":{"@id":"https:\/\/elalifato.blog\/index.php\/2021\/08\/17\/parroquia-de-san-nicolas-de-bari-la-capilla-sixtina-valenciana\/#primaryimage"},"image":{"@id":"https:\/\/elalifato.blog\/index.php\/2021\/08\/17\/parroquia-de-san-nicolas-de-bari-la-capilla-sixtina-valenciana\/#primaryimage"},"thumbnailUrl":"https:\/\/elalifato.blog\/wp-content\/uploads\/2021\/08\/img_20210803_171328-1.webp","datePublished":"2021-08-17T16:14:41+00:00","dateModified":"2024-01-31T09:26:30+00:00","breadcrumb":{"@id":"https:\/\/elalifato.blog\/index.php\/2021\/08\/17\/parroquia-de-san-nicolas-de-bari-la-capilla-sixtina-valenciana\/#breadcrumb"},"inLanguage":"es","potentialAction":[{"@type":"ReadAction","target":["https:\/\/elalifato.blog\/index.php\/2021\/08\/17\/parroquia-de-san-nicolas-de-bari-la-capilla-sixtina-valenciana\/"]}]},{"@type":"ImageObject","inLanguage":"es","@id":"https:\/\/elalifato.blog\/index.php\/2021\/08\/17\/parroquia-de-san-nicolas-de-bari-la-capilla-sixtina-valenciana\/#primaryimage","url":"https:\/\/elalifato.blog\/wp-content\/uploads\/2021\/08\/img_20210803_171328-1.webp","contentUrl":"https:\/\/elalifato.blog\/wp-content\/uploads\/2021\/08\/img_20210803_171328-1.webp","width":769,"height":1024},{"@type":"BreadcrumbList","@id":"https:\/\/elalifato.blog\/index.php\/2021\/08\/17\/parroquia-de-san-nicolas-de-bari-la-capilla-sixtina-valenciana\/#breadcrumb","itemListElement":[{"@type":"ListItem","position":1,"name":"Portada","item":"https:\/\/elalifato.blog\/"},{"@type":"ListItem","position":2,"name":"La Capilla Sixtina valenciana (Parroquia de San Nicol\u00e1s de Bari)."}]},{"@type":"WebSite","@id":"https:\/\/elalifato.blog\/#website","url":"https:\/\/elalifato.blog\/","name":"elalifato.blog","description":"En elalifato.blog podr\u00e1s leer ensayos y art\u00edculos hist\u00f3ricos relacionados con multitud de temas y \u00e9pocas, historia del arte y antropolog\u00eda de las religiones. Un sitio donde descubrir\u00e1s emplazamientos hist\u00f3ricos que no conoc\u00edas as\u00ed como consejos para visitarlos.","publisher":{"@id":"https:\/\/elalifato.blog\/#\/schema\/person\/6bc5d4d3e2a3506e66e17752410b50f8"},"potentialAction":[{"@type":"SearchAction","target":{"@type":"EntryPoint","urlTemplate":"https:\/\/elalifato.blog\/?s={search_term_string}"},"query-input":"required name=search_term_string"}],"inLanguage":"es"},{"@type":["Person","Organization"],"@id":"https:\/\/elalifato.blog\/#\/schema\/person\/6bc5d4d3e2a3506e66e17752410b50f8","name":"Adriana Pastor Mancl\u00fas","image":{"@type":"ImageObject","inLanguage":"es","@id":"https:\/\/elalifato.blog\/#\/schema\/person\/image\/","url":"https:\/\/elalifato.blog\/wp-content\/uploads\/2023\/09\/elalifatoblog-logo.svg","contentUrl":"https:\/\/elalifato.blog\/wp-content\/uploads\/2023\/09\/elalifatoblog-logo.svg","width":5516,"height":1000,"caption":"Adriana Pastor Mancl\u00fas"},"logo":{"@id":"https:\/\/elalifato.blog\/#\/schema\/person\/image\/"},"description":"Graduada en Historia, Geograf\u00eda e Historia del Arte. Especializada en Historia de las Religiones y Mundo Isl\u00e1mico.","sameAs":["http:\/\/elalifato.blog"],"url":"https:\/\/elalifato.blog\/index.php\/author\/adrianapastor\/"}]}},"_links":{"self":[{"href":"https:\/\/elalifato.blog\/index.php\/wp-json\/wp\/v2\/posts\/887"}],"collection":[{"href":"https:\/\/elalifato.blog\/index.php\/wp-json\/wp\/v2\/posts"}],"about":[{"href":"https:\/\/elalifato.blog\/index.php\/wp-json\/wp\/v2\/types\/post"}],"author":[{"embeddable":true,"href":"https:\/\/elalifato.blog\/index.php\/wp-json\/wp\/v2\/users\/2"}],"replies":[{"embeddable":true,"href":"https:\/\/elalifato.blog\/index.php\/wp-json\/wp\/v2\/comments?post=887"}],"version-history":[{"count":2,"href":"https:\/\/elalifato.blog\/index.php\/wp-json\/wp\/v2\/posts\/887\/revisions"}],"predecessor-version":[{"id":1700,"href":"https:\/\/elalifato.blog\/index.php\/wp-json\/wp\/v2\/posts\/887\/revisions\/1700"}],"wp:featuredmedia":[{"embeddable":true,"href":"https:\/\/elalifato.blog\/index.php\/wp-json\/wp\/v2\/media\/1699"}],"wp:attachment":[{"href":"https:\/\/elalifato.blog\/index.php\/wp-json\/wp\/v2\/media?parent=887"}],"wp:term":[{"taxonomy":"category","embeddable":true,"href":"https:\/\/elalifato.blog\/index.php\/wp-json\/wp\/v2\/categories?post=887"},{"taxonomy":"post_tag","embeddable":true,"href":"https:\/\/elalifato.blog\/index.php\/wp-json\/wp\/v2\/tags?post=887"}],"curies":[{"name":"wp","href":"https:\/\/api.w.org\/{rel}","templated":true}]}}