{"id":475,"date":"2021-02-21T13:56:02","date_gmt":"2021-02-21T12:56:02","guid":{"rendered":"https:\/\/elalifatoblog.wordpress.com\/?p=475"},"modified":"2024-01-31T10:18:13","modified_gmt":"2024-01-31T09:18:13","slug":"todos-los-caminos-llevan-a-sefarad","status":"publish","type":"post","link":"https:\/\/elalifato.blog\/index.php\/2021\/02\/21\/todos-los-caminos-llevan-a-sefarad\/","title":{"rendered":"Todos los caminos llevan a Sefarad."},"content":{"rendered":"\n<p class=\"has-text-align-justify\">Como ya es costumbre desde que tengo el blog, en cada viaje que hago, os traigo un trocito de historia de los lugares que visito, y esta vez nos hemos quedado en la &#8220;<em>terreta<\/em>&#8220;, as\u00ed que no iba a ser menos. <strong>Sagunto <\/strong>es el testigo vivo donde poblaron las distintas culturas que habitaron en la Pen\u00ednsula Ib\u00e9rica, sin indagar demasiado en la prehistoria, desde los edetanos hasta nuestros d\u00edas.<\/p>\n\n\n<div class=\"wp-block-image\">\n<figure class=\"alignright size-large is-resized\"><img decoding=\"async\" src=\"https:\/\/elalifatoblog.files.wordpress.com\/2021\/02\/20210217_111924.jpg?w=766\" alt=\"\" class=\"wp-image-513\" style=\"width:429px;height:573px\"\/><figcaption class=\"wp-element-caption\">Portal de la Sang. Puerta principal de acceso a la juder\u00eda.    Fotograf\u00eda: Enrique Cereceda N\u00fa\u00f1ez<\/figcaption><\/figure><\/div>\n\n\n<p class=\"has-text-align-justify\">Pero hoy, nos vamos a quedar en compa\u00f1\u00eda del <strong>pueblo jud\u00edo<\/strong>. Conocer m\u00e1s a fondo su asiento en Sagunto no habr\u00eda sido posible, sin la ayuda de <strong>Esther<\/strong>, la gu\u00eda que nos atendi\u00f3 maravillosamente bien en la <em>Casa dels Berenguer<\/em>, admito que en un primer momento no estaba muy convencida de la visita, pero sin duda alguna ha sido la mejor <strong>experiencia <\/strong>de este viaje a Sagunto.<\/p>\n\n\n\n<p class=\"has-text-align-justify\"><em><strong>La Casa dels Berenguer<\/strong><\/em> como tal es un centro de interpretaci\u00f3n, adem\u00e1s de contar con un <strong>peque\u00f1o recinto arqueol\u00f3gico<\/strong> entre los que se encuentra un peque\u00f1o resto del <strong>Templo de Diana<\/strong> y un <strong><em>mikv\u00e9 <\/em><\/strong>que rob\u00f3 mi coraz\u00f3n desde que lo vi y fue gracias a la atenci\u00f3n que despert\u00f3 en mi que Esther supo acaparar toda mi inter\u00e9s y me marc\u00f3 el <strong>rumbo <\/strong>de un <strong>viaje <\/strong>que no me arrepentir\u00eda de emprender, conocer las <strong>ra\u00edces <\/strong>del <strong>pueblo jud\u00edo<\/strong>, no solo en Sagunto, sino en el resto de Espa\u00f1a.<\/p>\n\n\n<div class=\"wp-block-image\">\n<figure class=\"aligncenter size-large is-resized\"><img decoding=\"async\" src=\"https:\/\/elalifatoblog.files.wordpress.com\/2021\/02\/20210217_111817.jpg?w=766\" alt=\"\" class=\"wp-image-506\" style=\"width:664px;height:886px\"\/><figcaption class=\"wp-element-caption\">Puerta de acceso a la Juder\u00eda. Placeta de la Juder\u00eda.<\/figcaption><\/figure><\/div>\n\n\n<p class=\"has-text-align-justify\">El pueblo jud\u00edo est\u00e1 presente en Sagunto desde el <strong>s. I d.C<\/strong> con motivo de la destrucci\u00f3n del Templo de Jerusal\u00e9n, y si en Sagunto empezaba mi viaje, ten\u00eda que lanzarme de cabeza a conocer cada uno de los rincones <strong>hebreos <\/strong>que all\u00ed moraban, y os prometo que recorrer la juder\u00eda con sus callejuelas irregulares y sus calles sin salida, me transport\u00f3 a la Edad Media.<\/p>\n\n\n<div class=\"wp-block-image\">\n<figure class=\"aligncenter size-large is-resized\"><img decoding=\"async\" src=\"https:\/\/elalifatoblog.files.wordpress.com\/2021\/02\/whatsapp-image-2021-02-18-at-19.11.59.jpeg?w=759\" alt=\"\" class=\"wp-image-515\" style=\"width:541px;height:728px\"\/><figcaption class=\"wp-element-caption\">Mikv\u00e9 ritual con los siete escalones al fondo. Fotograf\u00eda: Enrique Cereceda N\u00fa\u00f1ez.<\/figcaption><\/figure><\/div>\n\n<div class=\"wp-block-image\">\n<figure class=\"alignright size-large is-resized\"><img decoding=\"async\" src=\"https:\/\/elalifatoblog.files.wordpress.com\/2021\/02\/20210217_104506-1.jpg?w=766\" alt=\"\" class=\"wp-image-522\" style=\"width:335px;height:448px\"\/><figcaption class=\"wp-element-caption\">Canaleta que abastecer\u00eda de agua la balsa del mikv\u00e9, la cual provendr\u00eda del aljibe contiguo<\/figcaption><\/figure><\/div>\n\n\n<p class=\"has-text-align-justify\">El <em><strong>mikv\u00e9 <\/strong><\/em>est\u00e1 presente en la <em>Casa dels Berenguer <\/em>muy bien conservado, de su <strong>canaleta <\/strong>en perfecto estado podemos imaginar el agua natural obtenida del aljibe, desliz\u00e1ndose por ella, o a los miembros del pueblo jud\u00edo bajando los <strong>siete <\/strong>escalones simb\u00f3licos para ba\u00f1arse en la balsa y realizar su ritual de <strong>purificaci\u00f3n<\/strong>.<\/p>\n\n\n\n<p class=\"has-text-align-justify\">La <strong>ubicaci\u00f3n <\/strong>del <em>mikv\u00e9<\/em>, nos indica la posibilidad de que junto a \u00e9l, estuviera la <strong>sinagoga <\/strong>pues los ba\u00f1os se tomaban como algo <strong>ritual<\/strong>, especialmente en el caso de las mujeres, esto fue motivo para pensar que el que aqu\u00ed se encontraba era exclusivamente destinado a ellas, pero realmente no hay ninguna evidencia que lo demuestre.<\/p>\n\n\n\n<figure class=\"wp-block-image size-large\"><img decoding=\"async\" src=\"https:\/\/elalifatoblog.files.wordpress.com\/2021\/02\/20210217_102932.jpg?w=766\" alt=\"\" class=\"wp-image-524\"\/><figcaption class=\"wp-element-caption\">Escaleras de descenso al mikv\u00e9. De la puerta rejada, en adelante encontramos un s\u00edmbolo m\u00e1s representado en los siete escalones de bajada a la balsa .<\/figcaption><\/figure>\n\n\n\n<p>Si salimos de la <em>Casa dels Berenguer<\/em> y continuamos por una de sus callejas, al girar nos encontramos con el <strong>Museo de Historia y Arqueolog\u00eda <\/strong>que alberga no solo un sinf\u00edn de restos de \u00e9poca romana y medieval, sino una de las piezas que m\u00e1s <strong>curiosidad <\/strong>me cre\u00f3:<\/p>\n\n\n<div class=\"wp-block-image\">\n<figure class=\"aligncenter size-large is-resized\"><img fetchpriority=\"high\" decoding=\"async\" width=\"1246\" height=\"702\" src=\"https:\/\/elalifatoblog.files.wordpress.com\/2021\/02\/img-20210217-wa0027-edited.jpg\" alt=\"\" class=\"wp-image-505\" style=\"width:497px;height:280px\" srcset=\"https:\/\/elalifato.blog\/wp-content\/uploads\/2021\/02\/img-20210217-wa0027-edited.jpg 1246w, https:\/\/elalifato.blog\/wp-content\/uploads\/2021\/02\/img-20210217-wa0027-edited-300x169.jpg 300w, https:\/\/elalifato.blog\/wp-content\/uploads\/2021\/02\/img-20210217-wa0027-edited-1024x577.jpg 1024w, https:\/\/elalifato.blog\/wp-content\/uploads\/2021\/02\/img-20210217-wa0027-edited-768x433.jpg 768w\" sizes=\"(max-width: 1246px) 100vw, 1246px\" \/><figcaption class=\"wp-element-caption\">Conjuro hebreo contra ladrones. Siglo I d.C. <br>L\u00e1mina de plomo con forma de animal. Fotograf\u00eda: Enrique Cereceda N\u00fa\u00f1ez.<\/figcaption><\/figure><\/div>\n\n\n<p class=\"has-text-align-justify\">Esta pieza demostrar\u00eda la <strong>existencia <\/strong>del pueblo jud\u00edo desde el s. I d.C y en ella lo que se viene a leer es un <strong>conjuro <\/strong>contra un ladr\u00f3n que ha robado dinero, en el cual le desea distintos males f\u00edsicos y psicol\u00f3gicos.<\/p>\n\n\n<div class=\"wp-block-image\">\n<figure class=\"alignleft size-large is-resized\"><img decoding=\"async\" width=\"1147\" height=\"897\" src=\"https:\/\/elalifatoblog.files.wordpress.com\/2021\/02\/20210217_110821.jpg?w=1024\" alt=\"\" class=\"wp-image-484\" style=\"width:371px;height:290px\" srcset=\"https:\/\/elalifato.blog\/wp-content\/uploads\/2021\/02\/20210217_110821.jpg 1147w, https:\/\/elalifato.blog\/wp-content\/uploads\/2021\/02\/20210217_110821-300x235.jpg 300w, https:\/\/elalifato.blog\/wp-content\/uploads\/2021\/02\/20210217_110821-1024x801.jpg 1024w, https:\/\/elalifato.blog\/wp-content\/uploads\/2021\/02\/20210217_110821-768x601.jpg 768w\" sizes=\"(max-width: 1147px) 100vw, 1147px\" \/><figcaption class=\"wp-element-caption\">Interpretaci\u00f3n de la inscripci\u00f3n.<\/figcaption><\/figure><\/div>\n\n\n<p class=\"has-text-align-justify\">En la <strong>imagen <\/strong>del conjuro, a penas podemos distinguir algunas <strong>letras hebreas<\/strong> y aunque la explicaci\u00f3n que acompa\u00f1a a la pieza hace referencia directa a <em>Yavh\u00e9<\/em>,  lo que si pude ver en persona, es que en la pieza concreta <strong>ausentaba <\/strong>las vocales para as\u00ed no incurrir en la blasfemia, puesto que el pueblo hebreo tiene terminantemente prohibido mencionar el nombre Dios en vano, para evitarlo, utilizan una combinaci\u00f3n de cuatro letras llamada <strong>tetragr\u00e1maton <\/strong>(\u05d9\u05d4\u05d5\u05d4) o en su defecto YHWH.<\/p>\n\n\n<div class=\"wp-block-image\">\n<figure class=\"alignright size-large is-resized\"><img decoding=\"async\" width=\"861\" height=\"864\" src=\"https:\/\/elalifatoblog.files.wordpress.com\/2021\/02\/20210217_111807-edited-2.jpg\" alt=\"\" class=\"wp-image-509\" style=\"width:299px\" srcset=\"https:\/\/elalifato.blog\/wp-content\/uploads\/2021\/02\/20210217_111807-edited-2.jpg 861w, https:\/\/elalifato.blog\/wp-content\/uploads\/2021\/02\/20210217_111807-edited-2-300x300.jpg 300w, https:\/\/elalifato.blog\/wp-content\/uploads\/2021\/02\/20210217_111807-edited-2-150x150.jpg 150w, https:\/\/elalifato.blog\/wp-content\/uploads\/2021\/02\/20210217_111807-edited-2-768x771.jpg 768w\" sizes=\"(max-width: 861px) 100vw, 861px\" \/><\/figure><\/div>\n\n\n<p class=\"has-text-align-justify\">Si despu\u00e9s de haber visitado estos lugares no sab\u00eda por donde continuar, no ten\u00eda mas que buscar estas piezas incrustadas en el suelo que llenaban la <strong>ruta sefard\u00ed saguntina<\/strong>. Esta placa de bronce que indica los lugares claves en la visita a la <strong>Red de Juder\u00edas<\/strong>. En ella est\u00e1 representada el mapa de la Pen\u00ednsula Ib\u00e9rica y las letras hebreas que conforman la palara <span style=\"text-decoration:underline;\">Sefarad<\/span>.<\/p>\n\n\n\n<p class=\"has-text-align-justify\">Y con ayuda de esto y de un peque\u00f1o mapa que me acompa\u00f1aba ,visit\u00e9 la juder\u00eda, me perd\u00ed entre sus callejas llenas de historia para continuar mi viaje en direcci\u00f3n del <strong>hipogeo<\/strong>, el cual colma pr\u00e1cticamente en su totalidad, la falda de la monta\u00f1a en la que se encuentra ubicado el castillo y las fortalezas saguntinas.<\/p>\n\n\n<div class=\"wp-block-image\">\n<figure class=\"alignleft size-large is-resized\"><img loading=\"lazy\" decoding=\"async\" width=\"2384\" height=\"1491\" src=\"https:\/\/elalifatoblog.files.wordpress.com\/2021\/02\/20210217_115928-edited.jpg\" alt=\"\" class=\"wp-image-500\" style=\"width:413px;height:258px\" srcset=\"https:\/\/elalifato.blog\/wp-content\/uploads\/2021\/02\/20210217_115928-edited.jpg 2384w, https:\/\/elalifato.blog\/wp-content\/uploads\/2021\/02\/20210217_115928-edited-300x188.jpg 300w, https:\/\/elalifato.blog\/wp-content\/uploads\/2021\/02\/20210217_115928-edited-1024x640.jpg 1024w, https:\/\/elalifato.blog\/wp-content\/uploads\/2021\/02\/20210217_115928-edited-768x480.jpg 768w, https:\/\/elalifato.blog\/wp-content\/uploads\/2021\/02\/20210217_115928-edited-1536x961.jpg 1536w, https:\/\/elalifato.blog\/wp-content\/uploads\/2021\/02\/20210217_115928-edited-2048x1281.jpg 2048w\" sizes=\"(max-width: 2384px) 100vw, 2384px\" \/><figcaption class=\"wp-element-caption\">Hipogeo.<\/figcaption><\/figure><\/div>\n\n\n<p class=\"has-text-align-justify\">Los <strong>hipogeos <\/strong>son galer\u00edas subterr\u00e1neas o pasajes excavados en la piedra que tienen funciones <strong>funerarias <\/strong>que recuerdan a nuestros nichos. Y es que a diferencia del pueblo romano que hasta la llegada del cristianismo, incineraba a sus muertos, el juda\u00edsmo por su parte como el resto de religiones monote\u00edstas, inhuma los cad\u00e1veres de sus difuntos.<\/p>\n\n\n<div class=\"wp-block-image\">\n<figure class=\"alignleft size-large is-resized\"><img decoding=\"async\" src=\"https:\/\/elalifatoblog.files.wordpress.com\/2021\/02\/20210217_114751-2-edited.jpg\" alt=\"\" class=\"wp-image-501\" style=\"width:409px;height:255px\"\/><\/figure><\/div>\n\n\n<p class=\"has-text-align-justify\">Estos hipogeos a su vez, con el paso de los siglos sirvieron como habitaci\u00f3n y <strong>refugio<\/strong> en la Guerra Civil Espa\u00f1ola. <\/p>\n\n\n\n<p class=\"has-text-align-justify\">A su vez, no es el \u00fanico cementerio jud\u00edo al que podemos hacer referencia sino que entre el Castillo y la juder\u00eda podemos encontrar <strong>otra necr\u00f3polis hebrea,<\/strong> lo que implica un hito para la poblaci\u00f3n puesto que Sagunto es de las poca ciudades contempor\u00e1neas que conservan <strong>dos necr\u00f3polis hebreas <\/strong>perfectamente conservadas desde la Edad Media.<\/p>\n\n\n\n<p>Este \u00faltimo no pude visitarlo por falta de tiempo, pero me queda pendiente y con el, una nueva visita a esta m\u00e1gica localidad.<\/p>\n\n\n\n<figure class=\"wp-block-image size-large is-resized\"><img loading=\"lazy\" decoding=\"async\" width=\"904\" height=\"603\" src=\"https:\/\/elalifatoblog.files.wordpress.com\/2021\/02\/cementerio-judio-de-sagunto-1.jpg?w=904\" alt=\"\" class=\"wp-image-502\" style=\"width:705px;height:470px\" srcset=\"https:\/\/elalifato.blog\/wp-content\/uploads\/2021\/02\/cementerio-judio-de-sagunto-1.jpg 904w, https:\/\/elalifato.blog\/wp-content\/uploads\/2021\/02\/cementerio-judio-de-sagunto-1-300x200.jpg 300w, https:\/\/elalifato.blog\/wp-content\/uploads\/2021\/02\/cementerio-judio-de-sagunto-1-768x512.jpg 768w\" sizes=\"(max-width: 904px) 100vw, 904px\" \/><figcaption class=\"wp-element-caption\">Necr\u00f3polis hebrea. Inhumaciones en tierra. Fuente: ValenciaBonita.es<\/figcaption><\/figure>\n\n\n\n<p><strong>SEFARAD, TIERRA RECOBRADA<\/strong>.<\/p>\n\n\n\n<figure class=\"wp-block-image size-large\"><img decoding=\"async\" src=\"https:\/\/elalifatoblog.files.wordpress.com\/2021\/02\/20210221_125224-edited.jpg\" alt=\"\" class=\"wp-image-528\"\/><figcaption class=\"wp-element-caption\">Kit Descubridores de Sefarad.<\/figcaption><\/figure>\n\n\n\n<p class=\"has-text-align-justify\">Como bien he mencionado anteriormente, hacer esta ruta no habr\u00eda sido posible sin la ayuda de Esther que me arm\u00f3 con un pasaporte, una tarjeta y una gu\u00eda de las diferentes juder\u00edas que poblaban en nuestro pa\u00eds.  Esta <strong>iniciativa <\/strong>recibe el nombre de <strong>Caminos de Sefarad<\/strong> y pertenece a la la <a rel=\"noreferrer noopener\" href=\"http:\/\/www.redjuderias.org\" target=\"_blank\">Red de Juder\u00edas de Espa\u00f1a<\/a>, que tiene como objetivo recuperar el <strong>patrimonio sefard\u00ed <\/strong>de la pen\u00ednsula, no solo cultural, sino tambi\u00e9n a nivel gastron\u00f3mico y artesanal. <\/p>\n\n\n\n<p class=\"has-text-align-justify\">Consiste en la obtenci\u00f3n de un <strong>pasaporte<\/strong> que es la <em>llave <\/em>para conocer todas las <strong>juder\u00edas <\/strong>alrededor de Espa\u00f1a, que son, m\u00e1s ni menos 22 localidades tan diferentes entre ellas como C\u00f3rdoba o Tui, entre muchas otras, pero con un nexo com\u00fan, la existencia de un <strong>patrimonio <\/strong>jud\u00edo por fin recuperado.<\/p>\n\n\n<div class=\"wp-block-image\">\n<figure class=\"alignright size-large is-resized\"><img decoding=\"async\" src=\"https:\/\/elalifatoblog.files.wordpress.com\/2021\/02\/20210221_125240.jpg?w=1024\" alt=\"\" class=\"wp-image-529\" style=\"width:310px;height:291px\"\/><figcaption class=\"wp-element-caption\">Mi primer sello.<\/figcaption><\/figure><\/div>\n\n\n<p class=\"has-text-align-justify\">Con la <strong>visita <\/strong>de todas y cada una de las 22 poblaciones que albergan patrimonio jud\u00edo, se obtiene un <strong>sello <\/strong>de cada una de las visitas. En mi caso el primero ha sido el de <strong>Sagunto <\/strong>y aunque en el pasado visitara tambi\u00e9n la de <strong>C\u00f3rdoba<\/strong>, ya tengo una excusa m\u00e1s para volver.<\/p>\n\n\n\n<p class=\"has-text-align-justify\">Conforme se van acumulando sellos (5, 10 y 22 sellos)se consiguen <strong>regalos<\/strong>, el regalo final es una <strong><span style=\"text-decoration:underline;\">llave<\/span> <\/strong>de estilo antiguo culminada por la estrella de David.<\/p>\n\n\n\n<p class=\"has-text-align-justify\">Adem\u00e1s con la tarjeta que acompa\u00f1a al pasaporte se pueden conseguir <strong>descuentos <\/strong>en todos los comercios y restaurantes que est\u00e9n asociados a &#8220;<strong>Rasgo<\/strong>&#8220;, pero realmente lo que importa en todo esto es que a modo de juego tenemos una excusa para que visitemos el <strong>legado sefard\u00ed<\/strong>, tantas veces olvidado y abandonado y que tanto nos ha aportado a la cultura, a la ciencia y al final, a ser los hombres y mujeres que somos hoy en d\u00eda. <\/p>\n\n\n\n<p class=\"has-text-align-justify\">El <strong>pueblo jud\u00edo<\/strong> ha sido siempre un pueblo perseguido y maltratado, a\u00fan en nuestros d\u00edas, esto es una forma de darle su lugar en la historia y las gracias por haber conformado Sefarad, nuestra preciosa tierra.<\/p>\n\n\n\n<hr class=\"wp-block-separator has-css-opacity\"\/>\n\n\n\n<p class=\"has-text-align-justify\">Si quer\u00e9is obtener vuestro propio pasaporte, pod\u00e9is hacerlo acerc\u00e1ndoos a cualquier punto de informaci\u00f3n y turismo de cualquier ciudad que tenga legado jud\u00edo, as\u00ed como museos, o bien por las p\u00e1ginas webs y contacto de informaci\u00f3n y turismo de Sagunto y  de la red de juder\u00edas que os dejo a continuaci\u00f3n:<\/p>\n\n\n\n<ul>\n<li><a rel=\"noreferrer noopener\" href=\"http:\/\/www.redjuderias.org\" target=\"_blank\">ww.redjuderias.org<\/a><\/li>\n\n\n\n<li><a rel=\"noreferrer noopener\" href=\"http:\/\/www.descubresefarad.com\" target=\"_blank\">www.descubresefarad.com<\/a><\/li>\n\n\n\n<li>descubridores@redjuderias.org<\/li>\n\n\n\n<li><a rel=\"noreferrer noopener\" href=\"https:\/\/saguntoturismoblog.wordpress.com\/\" target=\"_blank\">https:\/\/saguntoturismoblog.wordpress.com\/<\/a><\/li>\n\n\n\n<li>sagunto@touristinfo.com<\/li>\n<\/ul>\n\n\n\n<hr class=\"wp-block-separator has-css-opacity is-style-dots\"\/>\n\n\n\n<p class=\"has-text-align-center\"><em>Agradecerle encarecidamente a Esther de La Casa dels Berenguer por su acertada gu\u00eda, y a mi amigo Enrique Cereceda N\u00fa\u00f1ez por hacer las veces de compa\u00f1ero de aventuras y fot\u00f3grafo.<\/em><\/p>\n","protected":false},"excerpt":{"rendered":"<p>Como ya es costumbre desde que tengo el blog, en cada viaje que hago, os traigo un trocito de historia de los lugares que visito, y esta vez nos hemos quedado en la &#8220;terreta&#8220;, as\u00ed que no iba a ser menos. Sagunto es el testigo vivo donde poblaron las distintas culturas que habitaron en la [&hellip;]<\/p>\n","protected":false},"author":2,"featured_media":1693,"comment_status":"open","ping_status":"open","sticky":false,"template":"","format":"standard","meta":{"footnotes":""},"categories":[75],"tags":[27,37,38,60,61,62],"yoast_head":"<!-- This site is optimized with the Yoast SEO plugin v22.6 - https:\/\/yoast.com\/wordpress\/plugins\/seo\/ -->\n<title>Todos los caminos llevan a Sefarad. - elalifato.blog<\/title>\n<meta name=\"robots\" content=\"index, follow, max-snippet:-1, max-image-preview:large, max-video-preview:-1\" \/>\n<link rel=\"canonical\" href=\"https:\/\/elalifato.blog\/index.php\/2021\/02\/21\/todos-los-caminos-llevan-a-sefarad\/\" \/>\n<meta property=\"og:locale\" content=\"es_ES\" \/>\n<meta property=\"og:type\" content=\"article\" \/>\n<meta property=\"og:title\" content=\"Todos los caminos llevan a Sefarad. - elalifato.blog\" \/>\n<meta property=\"og:description\" content=\"Como ya es costumbre desde que tengo el blog, en cada viaje que hago, os traigo un trocito de historia de los lugares que visito, y esta vez nos hemos quedado en la &#8220;terreta&#8220;, as\u00ed que no iba a ser menos. Sagunto es el testigo vivo donde poblaron las distintas culturas que habitaron en la [&hellip;]\" \/>\n<meta property=\"og:url\" content=\"https:\/\/elalifato.blog\/index.php\/2021\/02\/21\/todos-los-caminos-llevan-a-sefarad\/\" \/>\n<meta property=\"og:site_name\" content=\"elalifato.blog\" \/>\n<meta property=\"article:published_time\" content=\"2021-02-21T12:56:02+00:00\" \/>\n<meta property=\"article:modified_time\" content=\"2024-01-31T09:18:13+00:00\" \/>\n<meta property=\"og:image\" content=\"https:\/\/elalifato.blog\/wp-content\/uploads\/2021\/02\/20210221_125224-edited-scaled.jpg\" \/>\n\t<meta property=\"og:image:width\" content=\"2560\" \/>\n\t<meta property=\"og:image:height\" content=\"2560\" \/>\n\t<meta property=\"og:image:type\" content=\"image\/jpeg\" \/>\n<meta name=\"author\" content=\"Adriana Pastor Mancl\u00fas\" \/>\n<meta name=\"twitter:card\" content=\"summary_large_image\" \/>\n<meta name=\"twitter:label1\" content=\"Escrito por\" \/>\n\t<meta name=\"twitter:data1\" content=\"Adriana Pastor Mancl\u00fas\" \/>\n\t<meta name=\"twitter:label2\" content=\"Tiempo de lectura\" \/>\n\t<meta name=\"twitter:data2\" content=\"9 minutos\" \/>\n<script type=\"application\/ld+json\" class=\"yoast-schema-graph\">{\"@context\":\"https:\/\/schema.org\",\"@graph\":[{\"@type\":\"Article\",\"@id\":\"https:\/\/elalifato.blog\/index.php\/2021\/02\/21\/todos-los-caminos-llevan-a-sefarad\/#article\",\"isPartOf\":{\"@id\":\"https:\/\/elalifato.blog\/index.php\/2021\/02\/21\/todos-los-caminos-llevan-a-sefarad\/\"},\"author\":{\"name\":\"Adriana Pastor Mancl\u00fas\",\"@id\":\"https:\/\/elalifato.blog\/#\/schema\/person\/6bc5d4d3e2a3506e66e17752410b50f8\"},\"headline\":\"Todos los caminos llevan a Sefarad.\",\"datePublished\":\"2021-02-21T12:56:02+00:00\",\"dateModified\":\"2024-01-31T09:18:13+00:00\",\"mainEntityOfPage\":{\"@id\":\"https:\/\/elalifato.blog\/index.php\/2021\/02\/21\/todos-los-caminos-llevan-a-sefarad\/\"},\"wordCount\":1510,\"commentCount\":1,\"publisher\":{\"@id\":\"https:\/\/elalifato.blog\/#\/schema\/person\/6bc5d4d3e2a3506e66e17752410b50f8\"},\"image\":{\"@id\":\"https:\/\/elalifato.blog\/index.php\/2021\/02\/21\/todos-los-caminos-llevan-a-sefarad\/#primaryimage\"},\"thumbnailUrl\":\"https:\/\/elalifato.blog\/wp-content\/uploads\/2021\/02\/20210221_125224-edited-scaled.jpg\",\"keywords\":[\"espa\u00f1a\",\"judaismo\",\"judios\",\"rutas\",\"sefarad\",\"sefard\u00ed\"],\"articleSection\":[\"Turismo con Historia\"],\"inLanguage\":\"es\",\"potentialAction\":[{\"@type\":\"CommentAction\",\"name\":\"Comment\",\"target\":[\"https:\/\/elalifato.blog\/index.php\/2021\/02\/21\/todos-los-caminos-llevan-a-sefarad\/#respond\"]}]},{\"@type\":\"WebPage\",\"@id\":\"https:\/\/elalifato.blog\/index.php\/2021\/02\/21\/todos-los-caminos-llevan-a-sefarad\/\",\"url\":\"https:\/\/elalifato.blog\/index.php\/2021\/02\/21\/todos-los-caminos-llevan-a-sefarad\/\",\"name\":\"Todos los caminos llevan a Sefarad. - elalifato.blog\",\"isPartOf\":{\"@id\":\"https:\/\/elalifato.blog\/#website\"},\"primaryImageOfPage\":{\"@id\":\"https:\/\/elalifato.blog\/index.php\/2021\/02\/21\/todos-los-caminos-llevan-a-sefarad\/#primaryimage\"},\"image\":{\"@id\":\"https:\/\/elalifato.blog\/index.php\/2021\/02\/21\/todos-los-caminos-llevan-a-sefarad\/#primaryimage\"},\"thumbnailUrl\":\"https:\/\/elalifato.blog\/wp-content\/uploads\/2021\/02\/20210221_125224-edited-scaled.jpg\",\"datePublished\":\"2021-02-21T12:56:02+00:00\",\"dateModified\":\"2024-01-31T09:18:13+00:00\",\"breadcrumb\":{\"@id\":\"https:\/\/elalifato.blog\/index.php\/2021\/02\/21\/todos-los-caminos-llevan-a-sefarad\/#breadcrumb\"},\"inLanguage\":\"es\",\"potentialAction\":[{\"@type\":\"ReadAction\",\"target\":[\"https:\/\/elalifato.blog\/index.php\/2021\/02\/21\/todos-los-caminos-llevan-a-sefarad\/\"]}]},{\"@type\":\"ImageObject\",\"inLanguage\":\"es\",\"@id\":\"https:\/\/elalifato.blog\/index.php\/2021\/02\/21\/todos-los-caminos-llevan-a-sefarad\/#primaryimage\",\"url\":\"https:\/\/elalifato.blog\/wp-content\/uploads\/2021\/02\/20210221_125224-edited-scaled.jpg\",\"contentUrl\":\"https:\/\/elalifato.blog\/wp-content\/uploads\/2021\/02\/20210221_125224-edited-scaled.jpg\",\"width\":2560,\"height\":2560},{\"@type\":\"BreadcrumbList\",\"@id\":\"https:\/\/elalifato.blog\/index.php\/2021\/02\/21\/todos-los-caminos-llevan-a-sefarad\/#breadcrumb\",\"itemListElement\":[{\"@type\":\"ListItem\",\"position\":1,\"name\":\"Portada\",\"item\":\"https:\/\/elalifato.blog\/\"},{\"@type\":\"ListItem\",\"position\":2,\"name\":\"Todos los caminos llevan a Sefarad.\"}]},{\"@type\":\"WebSite\",\"@id\":\"https:\/\/elalifato.blog\/#website\",\"url\":\"https:\/\/elalifato.blog\/\",\"name\":\"elalifato.blog\",\"description\":\"En elalifato.blog podr\u00e1s leer ensayos y art\u00edculos hist\u00f3ricos relacionados con multitud de temas y \u00e9pocas, historia del arte y antropolog\u00eda de las religiones. Un sitio donde descubrir\u00e1s emplazamientos hist\u00f3ricos que no conoc\u00edas as\u00ed como consejos para visitarlos.\",\"publisher\":{\"@id\":\"https:\/\/elalifato.blog\/#\/schema\/person\/6bc5d4d3e2a3506e66e17752410b50f8\"},\"potentialAction\":[{\"@type\":\"SearchAction\",\"target\":{\"@type\":\"EntryPoint\",\"urlTemplate\":\"https:\/\/elalifato.blog\/?s={search_term_string}\"},\"query-input\":\"required name=search_term_string\"}],\"inLanguage\":\"es\"},{\"@type\":[\"Person\",\"Organization\"],\"@id\":\"https:\/\/elalifato.blog\/#\/schema\/person\/6bc5d4d3e2a3506e66e17752410b50f8\",\"name\":\"Adriana Pastor Mancl\u00fas\",\"image\":{\"@type\":\"ImageObject\",\"inLanguage\":\"es\",\"@id\":\"https:\/\/elalifato.blog\/#\/schema\/person\/image\/\",\"url\":\"https:\/\/elalifato.blog\/wp-content\/uploads\/2023\/09\/elalifatoblog-logo.svg\",\"contentUrl\":\"https:\/\/elalifato.blog\/wp-content\/uploads\/2023\/09\/elalifatoblog-logo.svg\",\"width\":5516,\"height\":1000,\"caption\":\"Adriana Pastor Mancl\u00fas\"},\"logo\":{\"@id\":\"https:\/\/elalifato.blog\/#\/schema\/person\/image\/\"},\"description\":\"Graduada en Historia, Geograf\u00eda e Historia del Arte. Especializada en Historia de las Religiones y Mundo Isl\u00e1mico.\",\"sameAs\":[\"http:\/\/elalifato.blog\"],\"url\":\"https:\/\/elalifato.blog\/index.php\/author\/adrianapastor\/\"}]}<\/script>\n<!-- \/ Yoast SEO plugin. -->","yoast_head_json":{"title":"Todos los caminos llevan a Sefarad. - elalifato.blog","robots":{"index":"index","follow":"follow","max-snippet":"max-snippet:-1","max-image-preview":"max-image-preview:large","max-video-preview":"max-video-preview:-1"},"canonical":"https:\/\/elalifato.blog\/index.php\/2021\/02\/21\/todos-los-caminos-llevan-a-sefarad\/","og_locale":"es_ES","og_type":"article","og_title":"Todos los caminos llevan a Sefarad. - elalifato.blog","og_description":"Como ya es costumbre desde que tengo el blog, en cada viaje que hago, os traigo un trocito de historia de los lugares que visito, y esta vez nos hemos quedado en la &#8220;terreta&#8220;, as\u00ed que no iba a ser menos. Sagunto es el testigo vivo donde poblaron las distintas culturas que habitaron en la [&hellip;]","og_url":"https:\/\/elalifato.blog\/index.php\/2021\/02\/21\/todos-los-caminos-llevan-a-sefarad\/","og_site_name":"elalifato.blog","article_published_time":"2021-02-21T12:56:02+00:00","article_modified_time":"2024-01-31T09:18:13+00:00","og_image":[{"width":2560,"height":2560,"url":"https:\/\/elalifato.blog\/wp-content\/uploads\/2021\/02\/20210221_125224-edited-scaled.jpg","type":"image\/jpeg"}],"author":"Adriana Pastor Mancl\u00fas","twitter_card":"summary_large_image","twitter_misc":{"Escrito por":"Adriana Pastor Mancl\u00fas","Tiempo de lectura":"9 minutos"},"schema":{"@context":"https:\/\/schema.org","@graph":[{"@type":"Article","@id":"https:\/\/elalifato.blog\/index.php\/2021\/02\/21\/todos-los-caminos-llevan-a-sefarad\/#article","isPartOf":{"@id":"https:\/\/elalifato.blog\/index.php\/2021\/02\/21\/todos-los-caminos-llevan-a-sefarad\/"},"author":{"name":"Adriana Pastor Mancl\u00fas","@id":"https:\/\/elalifato.blog\/#\/schema\/person\/6bc5d4d3e2a3506e66e17752410b50f8"},"headline":"Todos los caminos llevan a Sefarad.","datePublished":"2021-02-21T12:56:02+00:00","dateModified":"2024-01-31T09:18:13+00:00","mainEntityOfPage":{"@id":"https:\/\/elalifato.blog\/index.php\/2021\/02\/21\/todos-los-caminos-llevan-a-sefarad\/"},"wordCount":1510,"commentCount":1,"publisher":{"@id":"https:\/\/elalifato.blog\/#\/schema\/person\/6bc5d4d3e2a3506e66e17752410b50f8"},"image":{"@id":"https:\/\/elalifato.blog\/index.php\/2021\/02\/21\/todos-los-caminos-llevan-a-sefarad\/#primaryimage"},"thumbnailUrl":"https:\/\/elalifato.blog\/wp-content\/uploads\/2021\/02\/20210221_125224-edited-scaled.jpg","keywords":["espa\u00f1a","judaismo","judios","rutas","sefarad","sefard\u00ed"],"articleSection":["Turismo con Historia"],"inLanguage":"es","potentialAction":[{"@type":"CommentAction","name":"Comment","target":["https:\/\/elalifato.blog\/index.php\/2021\/02\/21\/todos-los-caminos-llevan-a-sefarad\/#respond"]}]},{"@type":"WebPage","@id":"https:\/\/elalifato.blog\/index.php\/2021\/02\/21\/todos-los-caminos-llevan-a-sefarad\/","url":"https:\/\/elalifato.blog\/index.php\/2021\/02\/21\/todos-los-caminos-llevan-a-sefarad\/","name":"Todos los caminos llevan a Sefarad. - elalifato.blog","isPartOf":{"@id":"https:\/\/elalifato.blog\/#website"},"primaryImageOfPage":{"@id":"https:\/\/elalifato.blog\/index.php\/2021\/02\/21\/todos-los-caminos-llevan-a-sefarad\/#primaryimage"},"image":{"@id":"https:\/\/elalifato.blog\/index.php\/2021\/02\/21\/todos-los-caminos-llevan-a-sefarad\/#primaryimage"},"thumbnailUrl":"https:\/\/elalifato.blog\/wp-content\/uploads\/2021\/02\/20210221_125224-edited-scaled.jpg","datePublished":"2021-02-21T12:56:02+00:00","dateModified":"2024-01-31T09:18:13+00:00","breadcrumb":{"@id":"https:\/\/elalifato.blog\/index.php\/2021\/02\/21\/todos-los-caminos-llevan-a-sefarad\/#breadcrumb"},"inLanguage":"es","potentialAction":[{"@type":"ReadAction","target":["https:\/\/elalifato.blog\/index.php\/2021\/02\/21\/todos-los-caminos-llevan-a-sefarad\/"]}]},{"@type":"ImageObject","inLanguage":"es","@id":"https:\/\/elalifato.blog\/index.php\/2021\/02\/21\/todos-los-caminos-llevan-a-sefarad\/#primaryimage","url":"https:\/\/elalifato.blog\/wp-content\/uploads\/2021\/02\/20210221_125224-edited-scaled.jpg","contentUrl":"https:\/\/elalifato.blog\/wp-content\/uploads\/2021\/02\/20210221_125224-edited-scaled.jpg","width":2560,"height":2560},{"@type":"BreadcrumbList","@id":"https:\/\/elalifato.blog\/index.php\/2021\/02\/21\/todos-los-caminos-llevan-a-sefarad\/#breadcrumb","itemListElement":[{"@type":"ListItem","position":1,"name":"Portada","item":"https:\/\/elalifato.blog\/"},{"@type":"ListItem","position":2,"name":"Todos los caminos llevan a Sefarad."}]},{"@type":"WebSite","@id":"https:\/\/elalifato.blog\/#website","url":"https:\/\/elalifato.blog\/","name":"elalifato.blog","description":"En elalifato.blog podr\u00e1s leer ensayos y art\u00edculos hist\u00f3ricos relacionados con multitud de temas y \u00e9pocas, historia del arte y antropolog\u00eda de las religiones. Un sitio donde descubrir\u00e1s emplazamientos hist\u00f3ricos que no conoc\u00edas as\u00ed como consejos para visitarlos.","publisher":{"@id":"https:\/\/elalifato.blog\/#\/schema\/person\/6bc5d4d3e2a3506e66e17752410b50f8"},"potentialAction":[{"@type":"SearchAction","target":{"@type":"EntryPoint","urlTemplate":"https:\/\/elalifato.blog\/?s={search_term_string}"},"query-input":"required name=search_term_string"}],"inLanguage":"es"},{"@type":["Person","Organization"],"@id":"https:\/\/elalifato.blog\/#\/schema\/person\/6bc5d4d3e2a3506e66e17752410b50f8","name":"Adriana Pastor Mancl\u00fas","image":{"@type":"ImageObject","inLanguage":"es","@id":"https:\/\/elalifato.blog\/#\/schema\/person\/image\/","url":"https:\/\/elalifato.blog\/wp-content\/uploads\/2023\/09\/elalifatoblog-logo.svg","contentUrl":"https:\/\/elalifato.blog\/wp-content\/uploads\/2023\/09\/elalifatoblog-logo.svg","width":5516,"height":1000,"caption":"Adriana Pastor Mancl\u00fas"},"logo":{"@id":"https:\/\/elalifato.blog\/#\/schema\/person\/image\/"},"description":"Graduada en Historia, Geograf\u00eda e Historia del Arte. Especializada en Historia de las Religiones y Mundo Isl\u00e1mico.","sameAs":["http:\/\/elalifato.blog"],"url":"https:\/\/elalifato.blog\/index.php\/author\/adrianapastor\/"}]}},"_links":{"self":[{"href":"https:\/\/elalifato.blog\/index.php\/wp-json\/wp\/v2\/posts\/475"}],"collection":[{"href":"https:\/\/elalifato.blog\/index.php\/wp-json\/wp\/v2\/posts"}],"about":[{"href":"https:\/\/elalifato.blog\/index.php\/wp-json\/wp\/v2\/types\/post"}],"author":[{"embeddable":true,"href":"https:\/\/elalifato.blog\/index.php\/wp-json\/wp\/v2\/users\/2"}],"replies":[{"embeddable":true,"href":"https:\/\/elalifato.blog\/index.php\/wp-json\/wp\/v2\/comments?post=475"}],"version-history":[{"count":2,"href":"https:\/\/elalifato.blog\/index.php\/wp-json\/wp\/v2\/posts\/475\/revisions"}],"predecessor-version":[{"id":1694,"href":"https:\/\/elalifato.blog\/index.php\/wp-json\/wp\/v2\/posts\/475\/revisions\/1694"}],"wp:featuredmedia":[{"embeddable":true,"href":"https:\/\/elalifato.blog\/index.php\/wp-json\/wp\/v2\/media\/1693"}],"wp:attachment":[{"href":"https:\/\/elalifato.blog\/index.php\/wp-json\/wp\/v2\/media?parent=475"}],"wp:term":[{"taxonomy":"category","embeddable":true,"href":"https:\/\/elalifato.blog\/index.php\/wp-json\/wp\/v2\/categories?post=475"},{"taxonomy":"post_tag","embeddable":true,"href":"https:\/\/elalifato.blog\/index.php\/wp-json\/wp\/v2\/tags?post=475"}],"curies":[{"name":"wp","href":"https:\/\/api.w.org\/{rel}","templated":true}]}}