{"id":1774,"date":"2026-01-07T13:20:08","date_gmt":"2026-01-07T12:20:08","guid":{"rendered":"https:\/\/elalifato.blog\/?p=1774"},"modified":"2026-01-07T13:20:09","modified_gmt":"2026-01-07T12:20:09","slug":"luchar-y-morir-lejos-de-casa-soldados-indigenas-en-la-guerra-civil-espanola","status":"publish","type":"post","link":"https:\/\/elalifato.blog\/index.php\/2026\/01\/07\/luchar-y-morir-lejos-de-casa-soldados-indigenas-en-la-guerra-civil-espanola\/","title":{"rendered":"Luchar y morir lejos de casa: soldados ind\u00edgenas en la Guerra Civil Espa\u00f1ola"},"content":{"rendered":"\n<h3 class=\"wp-block-heading\">Racismo, propaganda y muerte<\/h3>\n\n\n\n<p>Durante la Guerra Civil Espa\u00f1ola, la figura del <strong>soldado ind\u00edgena \u2014especialmente los marroqu\u00edes alistados en el ej\u00e9rcito sublevado\u2014<\/strong> fue construida desde una <strong>mirada colonial<\/strong> que combinaba fascinaci\u00f3n, miedo y desprecio. Su imagen oscil\u00f3 entre la <strong>exaltaci\u00f3n heroica y la deshumanizaci\u00f3n m\u00e1s extrema<\/strong>: guerreros \u00fatiles en el campo de batalla, pero siempre concebidos como una <strong>alteridad radical<\/strong>, inasimilable y subordinada.<\/p>\n\n\n\n<p>La <strong>propaganda de ambos bandos<\/strong> explot\u00f3 esta figura de manera ambivalente. Desde el franquismo, el soldado marroqu\u00ed fue presentado como un combatiente feroz y valiente, dotado de una supuesta inclinaci\u00f3n natural hacia la guerra. Se le atribu\u00edan rasgos <strong>hipermasculinos<\/strong> y una m\u00edstica casi primitiva, reforzando una <strong>imagen ex\u00f3tica y violenta<\/strong> que lo situaba m\u00e1s cerca del mito que de la ciudadan\u00eda. Esta representaci\u00f3n, heredera directa del <strong>imaginario africanista<\/strong>, lo integraba en el ej\u00e9rcito como instrumento, pero le negaba cualquier reconocimiento pol\u00edtico o humano.<\/p>\n\n\n\n<figure class=\"wp-block-gallery aligncenter has-nested-images columns-default is-cropped wp-block-gallery-1 is-layout-flex wp-block-gallery-is-layout-flex\">\n<figure class=\"wp-block-image size-full\"><img fetchpriority=\"high\" decoding=\"async\" width=\"475\" height=\"688\" data-id=\"1783\" src=\"https:\/\/elalifato.blog\/wp-content\/uploads\/2026\/01\/turbantes.png\" alt=\"\" class=\"wp-image-1783\" srcset=\"https:\/\/elalifato.blog\/wp-content\/uploads\/2026\/01\/turbantes.png 475w, https:\/\/elalifato.blog\/wp-content\/uploads\/2026\/01\/turbantes-207x300.png 207w\" sizes=\"(max-width: 475px) 100vw, 475px\" \/><\/figure>\n\n\n\n<figure class=\"wp-block-image size-full\"><img decoding=\"async\" width=\"448\" height=\"673\" data-id=\"1775\" src=\"https:\/\/elalifato.blog\/wp-content\/uploads\/2026\/01\/turbantes-2.png\" alt=\"\" class=\"wp-image-1775\" style=\"aspect-ratio:0.6656760772659732\" srcset=\"https:\/\/elalifato.blog\/wp-content\/uploads\/2026\/01\/turbantes-2.png 448w, https:\/\/elalifato.blog\/wp-content\/uploads\/2026\/01\/turbantes-2-200x300.png 200w\" sizes=\"(max-width: 448px) 100vw, 448px\" \/><figcaption class=\"wp-element-caption\"><em>\u201cUn enjambre de soldados, morenos como el pan de molino de Castilla [\u2026] Mozos enjutos de Castilla, esbeltos legionarios andaluces y mahometanos [\u2026] con blanco turbante [\u2026] El humo blanco y arom\u00e1tico del kifi dibuja en la pared poemas de amor y de guerra con la geometr\u00eda voluptuosa del alfabeto ar\u00e1bigo\u201d <\/em>Fuente: Revista Fotos: Semanario gr\u00e1fico de reportajes, n\u00fam. 71, 9 de julio de 1938. Kiosko Digital de la Guerra Civil. Ministerio de Cultura, Espa\u00f1a.<\/figcaption><\/figure>\n<\/figure>\n\n\n\n<p>La propaganda republicana, por su parte, utiliz\u00f3 esa misma imagen ex\u00f3tica para invertir su significado. El \u201cmoro\u201d fue convertido en s\u00edmbolo de <strong>barbarie y amenaza externa<\/strong>: un extranjero salvaje al servicio del fascismo. Caricaturas y carteles lo representaron de forma <strong>animalizada<\/strong>, reforzando el <strong>terror colectivo<\/strong> y fijando su presencia en la <strong>memoria social<\/strong> como encarnaci\u00f3n de la violencia sin rostro del enemigo.<\/p>\n\n\n<div class=\"wp-block-image\">\n<figure class=\"aligncenter size-full\"><img decoding=\"async\" width=\"761\" height=\"1000\" src=\"https:\/\/elalifato.blog\/wp-content\/uploads\/2026\/01\/AD10978.jpg\" alt=\"\" class=\"wp-image-1776\" srcset=\"https:\/\/elalifato.blog\/wp-content\/uploads\/2026\/01\/AD10978.jpg 761w, https:\/\/elalifato.blog\/wp-content\/uploads\/2026\/01\/AD10978-228x300.jpg 228w\" sizes=\"(max-width: 761px) 100vw, 761px\" \/><figcaption class=\"wp-element-caption\">Dibujos a carboncillo &#8220;Sin t\u00edtulo&#8221; (1938) de Luis Quintanilla, perteneciente a la serie: La Espa\u00f1a Negra de Franco.<em> Fuente: Museo Nacional Centro de Arte Reina Sof\u00eda.<\/em><\/figcaption><\/figure><\/div>\n\n\n<p>Esta imagen racista y brutal aparece tambi\u00e9n en la literatura de guerra. En el poema <em>Lamentaci\u00f3n<\/em>, J. Gil Albert introduce una mirada ambigua que, aunque no rompe del todo con el imaginario de la barbarie, s\u00ed denuncia la tragedia colonial que atraviesa a estos combatientes. El poeta se lamenta:<\/p>\n\n\n\n<blockquote class=\"wp-block-quote\">\n<p class=\"has-text-align-center\"><em>\u201c<strong>Por los muchachos moros que, enga\u00f1ados, han ca\u00eddo ante Madrid<\/strong>.<br>[\u2026]<br>Nadie dar\u00e1 sus nombres ignorados,<br>nadie pondr\u00e1 al recuerdo cinta blanca,<br>solo en com\u00fan recibiente el desprecio<br>sobre la nada de su muerte impura.\u201d<\/em><\/p>\n<\/blockquote>\n\n\n\n<p>Aqu\u00ed, los soldados ind\u00edgenas aparecen como <strong>cuerpos an\u00f3nimos, desechables<\/strong>, privados incluso del derecho a una memoria digna. Gil Albert subraya el <strong>enga\u00f1o <\/strong>al que fueron sometidos, especialmente a trav\u00e9s de la religi\u00f3n, desmontando la promesa de una &#8220;guerra santa&#8221; que solo conduce a la muerte:<\/p>\n\n\n\n<blockquote class=\"wp-block-quote\">\n<p class=\"has-text-align-center\"><em>\u201cNo habr\u00e1 ese para\u00edso que os pregonan<br>bajo palmas en brazos de la amada.<br>[\u2026]<br><strong>Solo la muerte impera y os aguarda,<br>con el supremo enga\u00f1o irrevocable.<\/strong>\u201d<\/em><\/p>\n<\/blockquote>\n\n\n\n<p>Sin embargo, el poema no escapa del todo a los estereotipos raciales. En otros versos, el soldado moro es descrito como feroz y sanguinario, reproduciendo la imagen violenta que circulaba en la propaganda republicana:<\/p>\n\n\n\n<blockquote class=\"wp-block-quote\">\n<p class=\"has-text-align-center\"><em>\u201cYa s\u00e9 que <strong>la barbarie y vuestra furia<\/strong><br>latiendo est\u00e1n su perro rencoroso,<br>que coloc\u00e1is alegres las cabezas,<br>goteantes de horror sobre cuchillos.\u201d<\/em><\/p>\n<\/blockquote>\n\n\n\n<p>Esta tensi\u00f3n entre <strong>compasi\u00f3n y deshumanizaci\u00f3n<\/strong> refleja bien la ambivalencia con la que fueron percibidos los combatientes ind\u00edgenas: v\u00edctimas del colonialismo y, al mismo tiempo, figuras sobre las que se proyectaba el horror de la guerra.<\/p>\n\n\n\n<p>M\u00e1s all\u00e1 del discurso propagand\u00edstico, el uso de soldados ind\u00edgenas como <strong>tropas de vanguardia<\/strong> respondi\u00f3 a una cultura militar profundamente marcada por el africanismo. En este imaginario, la <strong>muerte como honor<\/strong>, el <strong>sacrificio heroico<\/strong> y la promesa de <strong>inmortalidad simb\u00f3lica<\/strong> constitu\u00edan valores centrales. El <strong>culto a la cicatriz<\/strong>, la glorificaci\u00f3n del cuerpo mutilado y la exaltaci\u00f3n est\u00e9tica de la violencia consolidaron una forma de entender la guerra en la que la p\u00e9rdida de vidas, era normalizada y celebrada.<\/p>\n\n\n\n<div class=\"wp-block-columns is-layout-flex wp-container-6 wp-block-columns-is-layout-flex\">\n<div class=\"wp-block-column is-layout-flow wp-block-column-is-layout-flow\" style=\"flex-basis:100%\">\n<figure class=\"wp-block-gallery aligncenter has-nested-images columns-default is-cropped wp-block-gallery-3 is-layout-flex wp-block-gallery-is-layout-flex\">\n<figure class=\"wp-block-image size-large\"><img loading=\"lazy\" decoding=\"async\" width=\"752\" height=\"1024\" src=\"https:\/\/elalifato.blog\/wp-content\/uploads\/2026\/01\/CamScanner-22-05-2025-07.39_06-752x1024.jpg\" alt=\"\" class=\"wp-image-1777\" style=\"aspect-ratio:0.734375\" srcset=\"https:\/\/elalifato.blog\/wp-content\/uploads\/2026\/01\/CamScanner-22-05-2025-07.39_06-752x1024.jpg 752w, https:\/\/elalifato.blog\/wp-content\/uploads\/2026\/01\/CamScanner-22-05-2025-07.39_06-220x300.jpg 220w, https:\/\/elalifato.blog\/wp-content\/uploads\/2026\/01\/CamScanner-22-05-2025-07.39_06-768x1045.jpg 768w, https:\/\/elalifato.blog\/wp-content\/uploads\/2026\/01\/CamScanner-22-05-2025-07.39_06-1129x1536.jpg 1129w, https:\/\/elalifato.blog\/wp-content\/uploads\/2026\/01\/CamScanner-22-05-2025-07.39_06-1505x2048.jpg 1505w, https:\/\/elalifato.blog\/wp-content\/uploads\/2026\/01\/CamScanner-22-05-2025-07.39_06-scaled.jpg 1881w\" sizes=\"(max-width: 752px) 100vw, 752px\" \/><figcaption class=\"wp-element-caption\"><br><em>Fuente: Mill\u00e1n Astray arengando a las tropas (1926). Ros, B. (2009). Frontera \u00c1frica (1918 \u2013 1934). La F\u00e1brica Editorial.<\/em><\/figcaption><\/figure>\n\n\n\n<figure class=\"wp-block-image size-large\"><img loading=\"lazy\" decoding=\"async\" width=\"1024\" height=\"730\" src=\"https:\/\/elalifato.blog\/wp-content\/uploads\/2026\/01\/CamScanner-26-05-2025-09.07-1024x730.jpg\" alt=\"\" class=\"wp-image-1778\" srcset=\"https:\/\/elalifato.blog\/wp-content\/uploads\/2026\/01\/CamScanner-26-05-2025-09.07-1024x730.jpg 1024w, https:\/\/elalifato.blog\/wp-content\/uploads\/2026\/01\/CamScanner-26-05-2025-09.07-300x214.jpg 300w, https:\/\/elalifato.blog\/wp-content\/uploads\/2026\/01\/CamScanner-26-05-2025-09.07-768x548.jpg 768w, https:\/\/elalifato.blog\/wp-content\/uploads\/2026\/01\/CamScanner-26-05-2025-09.07-1536x1095.jpg 1536w, https:\/\/elalifato.blog\/wp-content\/uploads\/2026\/01\/CamScanner-26-05-2025-09.07-2048x1460.jpg 2048w\" sizes=\"(max-width: 1024px) 100vw, 1024px\" \/><figcaption class=\"wp-element-caption\">Visita de Mill\u00e1n Astray a Larache, Marruecos, julio de 1938. <br><em>Fuente: BNE.<\/em><\/figcaption><\/figure>\n<\/figure>\n<\/div>\n<\/div>\n\n\n\n<div class=\"wp-block-columns is-layout-flex wp-container-11 wp-block-columns-is-layout-flex\">\n<div class=\"wp-block-column is-layout-flow wp-block-column-is-layout-flow\" style=\"flex-basis:100%\">\n<div class=\"wp-block-group is-layout-constrained wp-block-group-is-layout-constrained\"><div class=\"wp-block-group__inner-container\">\n<div class=\"wp-block-columns is-layout-flex wp-container-8 wp-block-columns-is-layout-flex\">\n<div class=\"wp-block-column is-layout-flow wp-block-column-is-layout-flow\" style=\"flex-basis:100%\">\n<p class=\"has-text-align-center\"><em>Mill\u00e1n Astray fue uno de los principales exponentes del culto a la cicatriz en el africanismo, tanto por la visibilidad de sus heridas como por la carga simb\u00f3lica que estas adquirieron a lo largo de su carrera militar. En la imagen de la derecha se puede observar c\u00f3mo la ca\u00edda de la manga izquierda del uniforme deja entrever la ausencia del brazo, resultado de heridas de guerra. Una condici\u00f3n que \u00e9l mismo exhib\u00eda con orgullo como s\u00edmbolo de entrega y sacrificio militar.<\/em><\/p>\n<\/div>\n<\/div>\n<\/div><\/div>\n<\/div>\n<\/div>\n\n\n\n<p>En este sentido, los <strong>uniformes de los Regulares <\/strong>incorporaron la est\u00e9tica establecida por el \u201cglorioso mutilado\u201d en la uniformidad de la Legi\u00f3n: <\/p>\n\n\n\n<blockquote class=\"wp-block-quote has-text-align-center\">\n<p class=\"has-text-align-center\"><em>\u201cComo distintivos singulares llevan los legionarios en la manga izquierda: los de herido, que<br>son cintas de oro en \u00e1ngulo, una por herida [\u2026] como est\u00edmulo y premio\u201d<\/em><\/p>\n<cite>Mill\u00e1n Astray, J. (1922)<\/cite><\/blockquote>\n\n\n\n<p>Aunque no podemos afirmar con certeza si dichas cintas eran efectivamente de oro en el uniforme de la Legi\u00f3n, s\u00ed es posible observar c\u00f3mo los Regulares adoptaron esta est\u00e9tica en sus propias vestimentas, influenciados por el imaginario africanista. <\/p>\n\n\n<div class=\"wp-block-image\">\n<figure class=\"aligncenter size-large is-resized\"><img loading=\"lazy\" decoding=\"async\" width=\"760\" height=\"1024\" src=\"https:\/\/elalifato.blog\/wp-content\/uploads\/2026\/01\/CamScanner-22-05-2025-07.39_05-760x1024.jpg\" alt=\"\" class=\"wp-image-1779\" style=\"aspect-ratio:0.7421875;width:763px;height:auto\" srcset=\"https:\/\/elalifato.blog\/wp-content\/uploads\/2026\/01\/CamScanner-22-05-2025-07.39_05-760x1024.jpg 760w, https:\/\/elalifato.blog\/wp-content\/uploads\/2026\/01\/CamScanner-22-05-2025-07.39_05-223x300.jpg 223w, https:\/\/elalifato.blog\/wp-content\/uploads\/2026\/01\/CamScanner-22-05-2025-07.39_05-768x1035.jpg 768w, https:\/\/elalifato.blog\/wp-content\/uploads\/2026\/01\/CamScanner-22-05-2025-07.39_05-1140x1536.jpg 1140w, https:\/\/elalifato.blog\/wp-content\/uploads\/2026\/01\/CamScanner-22-05-2025-07.39_05-1520x2048.jpg 1520w, https:\/\/elalifato.blog\/wp-content\/uploads\/2026\/01\/CamScanner-22-05-2025-07.39_05-scaled.jpg 1899w\" sizes=\"(max-width: 760px) 100vw, 760px\" \/><figcaption class=\"wp-element-caption\">Soldado de Regulares, 1929. En sus mangas se aprecian tres l\u00edneas rojas, una por<br>cada herida. <em>Fuente: Ros, B. (2009). Frontera \u00c1frica (1918 \u2013 1934). La F\u00e1brica Editorial.<\/em><\/figcaption><\/figure><\/div>\n\n\n<p>Adicionalmente, se construy\u00f3 un discurso heroico en torno a la <strong>valent\u00eda del combatiente ind\u00edgena<\/strong>. El propio Francisco Franco manifest\u00f3 en una ocasi\u00f3n:<\/p>\n\n\n\n<blockquote class=\"wp-block-quote\">\n<p class=\"has-text-align-center\"><br><em>\u201cVuestra madre os pari\u00f3 tan valientes\u2026 cuando acabe la contienda, a los mutilados<br>les dar\u00e9 un bast\u00f3n de oro\u201d. <\/em><\/p>\n<\/blockquote>\n\n\n\n<p>Sin embargo, esta promesa nunca se cumpli\u00f3, <strong>no hab\u00eda suficiente oro para tanto tullido.<\/strong><\/p>\n\n\n\n<p>En su lugar, a muchos veteranos heridos se les entregaron <strong>bastones de madera<\/strong>, como fue el caso de M. Tahar, quien fue condecorado con dicho bast\u00f3n por sus heridas sufridas en la batalla de Teruel. En una entrevista de 1995, Tahar recordaba:<\/p>\n\n\n\n<blockquote class=\"wp-block-quote\">\n<p class=\"has-text-align-center\"><em> \u201cLuch\u00e9 durante la guerra civil siempre adelante: en el sitio de la muerte\u201d<\/em><\/p>\n<cite>Testimonio oral en: S\u00e1nchez Ruano, F. (2004). <\/cite><\/blockquote>\n\n\n\n<p>Muchos veteranos regresaron heridos, mutilados y olvidados, condecorados de forma simb\u00f3lica pero abandonados materialmente.  La violencia, el exotismo y el <strong>culto a la muerte <\/strong>que hab\u00edan definido su imagen durante la guerra no se tradujeron en reconocimiento real, sino en una memoria rota y profundamente desigual.<\/p>\n\n\n\n<p>En definitiva, la figura del soldado ind\u00edgena durante la Guerra Civil fue el resultado de una construcci\u00f3n simb\u00f3lica que combin\u00f3 racismo, propaganda y una est\u00e9tica de la muerte heroica. Una imagen que sirvi\u00f3 para justificar la violencia y movilizar a la retaguardia, pero que ocult\u00f3 sistem\u00e1ticamente la experiencia humana de quienes, desde una posici\u00f3n colonial, fueron empujados a luchar y morir en una guerra ajena.<\/p>\n\n\n\n<hr class=\"wp-block-separator has-alpha-channel-opacity is-style-dots\"\/>\n\n\n\n<h3 class=\"wp-block-heading\">Nota de enfoque: una aclaraci\u00f3n necesaria.<\/h3>\n\n\n\n<p>Conviene subrayar que la intenci\u00f3n de este art\u00edculo <strong>no es, en ning\u00fan caso, realizar un lavado de cara de las actuaciones de las tropas ind\u00edgenas ni del bando sublevado durante la Guerra Civil Espa\u00f1ola<\/strong>. Nada m\u00e1s lejos de la realidad. Las violencias cometidas \u2014documentadas y sufridas por la poblaci\u00f3n civil\u2014 forman parte inseparable del conflicto y no se relativizan ni se excusan en estas l\u00edneas.<\/p>\n\n\n\n<p>El objetivo es otro: <strong>poner el foco en una dimensi\u00f3n racial y colonial sistem\u00e1ticamente silenciada por la historiograf\u00eda tradicional<\/strong>. La organizaci\u00f3n, utilizaci\u00f3n y representaci\u00f3n de los combatientes ind\u00edgenas respondieron a una l\u00f3gica supremacista y colonial que atraves\u00f3 a ambos bandos, aunque su presencia fuera m\u00e1s numerosa y visible en el ej\u00e9rcito sublevado. En los dos casos, los soldados ind\u00edgenas fueron concebidos como cuerpos disponibles, subordinados y funcionales a un proyecto pol\u00edtico que no les pertenec\u00eda.<\/p>\n\n\n\n<p>Analizar esta realidad no implica absolver responsabilidades, sino <strong>desplazar la mirada hacia las estructuras de poder que hicieron posible esa violencia<\/strong>: el racismo, la jerarqu\u00eda colonial y la instrumentalizaci\u00f3n de sujetos considerados prescindibles. Solo desde este enfoque es posible comprender por qu\u00e9 estos combatientes fueron exaltados como s\u00edmbolos guerreros y, al mismo tiempo, negados como sujetos hist\u00f3ricos, condenados a una memoria fragmentada y marginal.<\/p>\n\n\n\n<hr class=\"wp-block-separator has-alpha-channel-opacity\"\/>\n\n\n\n<h5 class=\"wp-block-heading\">Bibliograf\u00eda:<\/h5>\n\n\n\n<ul>\n<li>Bolorinos Allard, E. (2016\u20132017). Masculinidad, identidad guerrera y la imagen del regular marroqu\u00ed<br>en la propaganda del bando sublevado en la Guerra Civil Espa\u00f1ola. Norba. Revista de Historia, 29<br>30, (pp.121\u2013134).<\/li>\n\n\n\n<li>Guerrero Mar\u00edn, A. (2024). Regulares, mehalas y Tiradores de Ifni. Desperta Ferro: Especiales, (40),<br>26-33.<\/li>\n\n\n\n<li>Gil-Albert, J. (2018). Lamentaciones. En Poetas en la Espa\u00f1a leal (Ed. original 1937). Sevilla:<br>Editorial Renacimiento.<\/li>\n\n\n\n<li>Mac\u00edas Fern\u00e1ndez, D. (2019). Franco &#8220;naci\u00f3 en \u00c1frica&#8221;: Los africanistas y las campa\u00f1as de Marruecos, (pp. 253\u2013258). Tecnos<\/li>\n\n\n\n<li>S\u00e1nchez Ruano, F. (2004). Islam y Guerra Civil Espa\u00f1ola. Moros con Franco y con la Rep\u00fablica (p. 239). La esfera de los libros<\/li>\n<\/ul>\n","protected":false},"excerpt":{"rendered":"<p>Un an\u00e1lisis cr\u00edtico sobre la construcci\u00f3n colonial del soldado ind\u00edgena en la Guerra Civil Espa\u00f1ola: propaganda, racismo, exotizaci\u00f3n y culto a la muerte.<\/p>\n","protected":false},"author":2,"featured_media":1779,"comment_status":"closed","ping_status":"open","sticky":true,"template":"","format":"standard","meta":{"footnotes":""},"categories":[72],"tags":[106,20,104,25,102,103,108,46,107,105],"yoast_head":"<!-- This site is optimized with the Yoast SEO plugin v22.6 - https:\/\/yoast.com\/wordpress\/plugins\/seo\/ -->\n<title>Luchar y morir lejos de casa: soldados ind\u00edgenas en la Guerra Civil Espa\u00f1ola - elalifato.blog<\/title>\n<meta name=\"description\" content=\"Un an\u00e1lisis cr\u00edtico sobre la construcci\u00f3n colonial del soldado ind\u00edgena en la Guerra Civil Espa\u00f1ola: propaganda, racismo, exotizaci\u00f3n y culto a la muerte.\" \/>\n<meta name=\"robots\" content=\"index, follow, max-snippet:-1, max-image-preview:large, max-video-preview:-1\" \/>\n<link rel=\"canonical\" href=\"https:\/\/elalifato.blog\/index.php\/2026\/01\/07\/luchar-y-morir-lejos-de-casa-soldados-indigenas-en-la-guerra-civil-espanola\/\" \/>\n<meta property=\"og:locale\" content=\"es_ES\" \/>\n<meta property=\"og:type\" content=\"article\" \/>\n<meta property=\"og:title\" content=\"Luchar y morir lejos de casa: soldados ind\u00edgenas en la Guerra Civil Espa\u00f1ola - elalifato.blog\" \/>\n<meta property=\"og:description\" content=\"Un an\u00e1lisis cr\u00edtico sobre la construcci\u00f3n colonial del soldado ind\u00edgena en la Guerra Civil Espa\u00f1ola: propaganda, racismo, exotizaci\u00f3n y culto a la muerte.\" \/>\n<meta property=\"og:url\" content=\"https:\/\/elalifato.blog\/index.php\/2026\/01\/07\/luchar-y-morir-lejos-de-casa-soldados-indigenas-en-la-guerra-civil-espanola\/\" \/>\n<meta property=\"og:site_name\" content=\"elalifato.blog\" \/>\n<meta property=\"article:published_time\" content=\"2026-01-07T12:20:08+00:00\" \/>\n<meta property=\"article:modified_time\" content=\"2026-01-07T12:20:09+00:00\" \/>\n<meta property=\"og:image\" content=\"https:\/\/elalifato.blog\/wp-content\/uploads\/2026\/01\/CamScanner-22-05-2025-07.39_05-scaled.jpg\" \/>\n\t<meta property=\"og:image:width\" content=\"1899\" \/>\n\t<meta property=\"og:image:height\" content=\"2560\" \/>\n\t<meta property=\"og:image:type\" content=\"image\/jpeg\" \/>\n<meta name=\"author\" content=\"Adriana Pastor Mancl\u00fas\" \/>\n<meta name=\"twitter:card\" content=\"summary_large_image\" \/>\n<meta name=\"twitter:label1\" content=\"Escrito por\" \/>\n\t<meta name=\"twitter:data1\" content=\"Adriana Pastor Mancl\u00fas\" \/>\n\t<meta name=\"twitter:label2\" content=\"Tiempo de lectura\" \/>\n\t<meta name=\"twitter:data2\" content=\"8 minutos\" \/>\n<script type=\"application\/ld+json\" class=\"yoast-schema-graph\">{\"@context\":\"https:\/\/schema.org\",\"@graph\":[{\"@type\":\"Article\",\"@id\":\"https:\/\/elalifato.blog\/index.php\/2026\/01\/07\/luchar-y-morir-lejos-de-casa-soldados-indigenas-en-la-guerra-civil-espanola\/#article\",\"isPartOf\":{\"@id\":\"https:\/\/elalifato.blog\/index.php\/2026\/01\/07\/luchar-y-morir-lejos-de-casa-soldados-indigenas-en-la-guerra-civil-espanola\/\"},\"author\":{\"name\":\"Adriana Pastor Mancl\u00fas\",\"@id\":\"https:\/\/elalifato.blog\/#\/schema\/person\/6bc5d4d3e2a3506e66e17752410b50f8\"},\"headline\":\"Luchar y morir lejos de casa: soldados ind\u00edgenas en la Guerra Civil Espa\u00f1ola\",\"datePublished\":\"2026-01-07T12:20:08+00:00\",\"dateModified\":\"2026-01-07T12:20:09+00:00\",\"mainEntityOfPage\":{\"@id\":\"https:\/\/elalifato.blog\/index.php\/2026\/01\/07\/luchar-y-morir-lejos-de-casa-soldados-indigenas-en-la-guerra-civil-espanola\/\"},\"wordCount\":1513,\"publisher\":{\"@id\":\"https:\/\/elalifato.blog\/#\/schema\/person\/6bc5d4d3e2a3506e66e17752410b50f8\"},\"image\":{\"@id\":\"https:\/\/elalifato.blog\/index.php\/2026\/01\/07\/luchar-y-morir-lejos-de-casa-soldados-indigenas-en-la-guerra-civil-espanola\/#primaryimage\"},\"thumbnailUrl\":\"https:\/\/elalifato.blog\/wp-content\/uploads\/2026\/01\/CamScanner-22-05-2025-07.39_05-scaled.jpg\",\"keywords\":[\"colonialismo\",\"critica\",\"ejercitoafricanista\",\"ensayo\",\"guerracivilespa\u00f1ola\",\"historiacontemporanea\",\"memoriahistorica\",\"opinion\",\"racismo\",\"tropascoloniales\"],\"articleSection\":[\"Investigaciones\"],\"inLanguage\":\"es\"},{\"@type\":\"WebPage\",\"@id\":\"https:\/\/elalifato.blog\/index.php\/2026\/01\/07\/luchar-y-morir-lejos-de-casa-soldados-indigenas-en-la-guerra-civil-espanola\/\",\"url\":\"https:\/\/elalifato.blog\/index.php\/2026\/01\/07\/luchar-y-morir-lejos-de-casa-soldados-indigenas-en-la-guerra-civil-espanola\/\",\"name\":\"Luchar y morir lejos de casa: soldados ind\u00edgenas en la Guerra Civil Espa\u00f1ola - elalifato.blog\",\"isPartOf\":{\"@id\":\"https:\/\/elalifato.blog\/#website\"},\"primaryImageOfPage\":{\"@id\":\"https:\/\/elalifato.blog\/index.php\/2026\/01\/07\/luchar-y-morir-lejos-de-casa-soldados-indigenas-en-la-guerra-civil-espanola\/#primaryimage\"},\"image\":{\"@id\":\"https:\/\/elalifato.blog\/index.php\/2026\/01\/07\/luchar-y-morir-lejos-de-casa-soldados-indigenas-en-la-guerra-civil-espanola\/#primaryimage\"},\"thumbnailUrl\":\"https:\/\/elalifato.blog\/wp-content\/uploads\/2026\/01\/CamScanner-22-05-2025-07.39_05-scaled.jpg\",\"datePublished\":\"2026-01-07T12:20:08+00:00\",\"dateModified\":\"2026-01-07T12:20:09+00:00\",\"description\":\"Un an\u00e1lisis cr\u00edtico sobre la construcci\u00f3n colonial del soldado ind\u00edgena en la Guerra Civil Espa\u00f1ola: propaganda, racismo, exotizaci\u00f3n y culto a la muerte.\",\"breadcrumb\":{\"@id\":\"https:\/\/elalifato.blog\/index.php\/2026\/01\/07\/luchar-y-morir-lejos-de-casa-soldados-indigenas-en-la-guerra-civil-espanola\/#breadcrumb\"},\"inLanguage\":\"es\",\"potentialAction\":[{\"@type\":\"ReadAction\",\"target\":[\"https:\/\/elalifato.blog\/index.php\/2026\/01\/07\/luchar-y-morir-lejos-de-casa-soldados-indigenas-en-la-guerra-civil-espanola\/\"]}]},{\"@type\":\"ImageObject\",\"inLanguage\":\"es\",\"@id\":\"https:\/\/elalifato.blog\/index.php\/2026\/01\/07\/luchar-y-morir-lejos-de-casa-soldados-indigenas-en-la-guerra-civil-espanola\/#primaryimage\",\"url\":\"https:\/\/elalifato.blog\/wp-content\/uploads\/2026\/01\/CamScanner-22-05-2025-07.39_05-scaled.jpg\",\"contentUrl\":\"https:\/\/elalifato.blog\/wp-content\/uploads\/2026\/01\/CamScanner-22-05-2025-07.39_05-scaled.jpg\",\"width\":1899,\"height\":2560},{\"@type\":\"BreadcrumbList\",\"@id\":\"https:\/\/elalifato.blog\/index.php\/2026\/01\/07\/luchar-y-morir-lejos-de-casa-soldados-indigenas-en-la-guerra-civil-espanola\/#breadcrumb\",\"itemListElement\":[{\"@type\":\"ListItem\",\"position\":1,\"name\":\"Portada\",\"item\":\"https:\/\/elalifato.blog\/\"},{\"@type\":\"ListItem\",\"position\":2,\"name\":\"Luchar y morir lejos de casa: soldados ind\u00edgenas en la Guerra Civil Espa\u00f1ola\"}]},{\"@type\":\"WebSite\",\"@id\":\"https:\/\/elalifato.blog\/#website\",\"url\":\"https:\/\/elalifato.blog\/\",\"name\":\"elalifato.blog\",\"description\":\"En elalifato.blog podr\u00e1s leer ensayos y art\u00edculos hist\u00f3ricos relacionados con multitud de temas y \u00e9pocas, historia del arte y antropolog\u00eda de las religiones. Un sitio donde descubrir\u00e1s emplazamientos hist\u00f3ricos que no conoc\u00edas as\u00ed como consejos para visitarlos.\",\"publisher\":{\"@id\":\"https:\/\/elalifato.blog\/#\/schema\/person\/6bc5d4d3e2a3506e66e17752410b50f8\"},\"potentialAction\":[{\"@type\":\"SearchAction\",\"target\":{\"@type\":\"EntryPoint\",\"urlTemplate\":\"https:\/\/elalifato.blog\/?s={search_term_string}\"},\"query-input\":\"required name=search_term_string\"}],\"inLanguage\":\"es\"},{\"@type\":[\"Person\",\"Organization\"],\"@id\":\"https:\/\/elalifato.blog\/#\/schema\/person\/6bc5d4d3e2a3506e66e17752410b50f8\",\"name\":\"Adriana Pastor Mancl\u00fas\",\"image\":{\"@type\":\"ImageObject\",\"inLanguage\":\"es\",\"@id\":\"https:\/\/elalifato.blog\/#\/schema\/person\/image\/\",\"url\":\"https:\/\/elalifato.blog\/wp-content\/uploads\/2023\/09\/elalifatoblog-logo.svg\",\"contentUrl\":\"https:\/\/elalifato.blog\/wp-content\/uploads\/2023\/09\/elalifatoblog-logo.svg\",\"width\":5516,\"height\":1000,\"caption\":\"Adriana Pastor Mancl\u00fas\"},\"logo\":{\"@id\":\"https:\/\/elalifato.blog\/#\/schema\/person\/image\/\"},\"description\":\"Graduada en Historia, Geograf\u00eda e Historia del Arte. Especializada en Historia de las Religiones y Mundo Isl\u00e1mico.\",\"sameAs\":[\"http:\/\/elalifato.blog\"],\"url\":\"https:\/\/elalifato.blog\/index.php\/author\/adrianapastor\/\"}]}<\/script>\n<!-- \/ Yoast SEO plugin. -->","yoast_head_json":{"title":"Luchar y morir lejos de casa: soldados ind\u00edgenas en la Guerra Civil Espa\u00f1ola - elalifato.blog","description":"Un an\u00e1lisis cr\u00edtico sobre la construcci\u00f3n colonial del soldado ind\u00edgena en la Guerra Civil Espa\u00f1ola: propaganda, racismo, exotizaci\u00f3n y culto a la muerte.","robots":{"index":"index","follow":"follow","max-snippet":"max-snippet:-1","max-image-preview":"max-image-preview:large","max-video-preview":"max-video-preview:-1"},"canonical":"https:\/\/elalifato.blog\/index.php\/2026\/01\/07\/luchar-y-morir-lejos-de-casa-soldados-indigenas-en-la-guerra-civil-espanola\/","og_locale":"es_ES","og_type":"article","og_title":"Luchar y morir lejos de casa: soldados ind\u00edgenas en la Guerra Civil Espa\u00f1ola - elalifato.blog","og_description":"Un an\u00e1lisis cr\u00edtico sobre la construcci\u00f3n colonial del soldado ind\u00edgena en la Guerra Civil Espa\u00f1ola: propaganda, racismo, exotizaci\u00f3n y culto a la muerte.","og_url":"https:\/\/elalifato.blog\/index.php\/2026\/01\/07\/luchar-y-morir-lejos-de-casa-soldados-indigenas-en-la-guerra-civil-espanola\/","og_site_name":"elalifato.blog","article_published_time":"2026-01-07T12:20:08+00:00","article_modified_time":"2026-01-07T12:20:09+00:00","og_image":[{"width":1899,"height":2560,"url":"https:\/\/elalifato.blog\/wp-content\/uploads\/2026\/01\/CamScanner-22-05-2025-07.39_05-scaled.jpg","type":"image\/jpeg"}],"author":"Adriana Pastor Mancl\u00fas","twitter_card":"summary_large_image","twitter_misc":{"Escrito por":"Adriana Pastor Mancl\u00fas","Tiempo de lectura":"8 minutos"},"schema":{"@context":"https:\/\/schema.org","@graph":[{"@type":"Article","@id":"https:\/\/elalifato.blog\/index.php\/2026\/01\/07\/luchar-y-morir-lejos-de-casa-soldados-indigenas-en-la-guerra-civil-espanola\/#article","isPartOf":{"@id":"https:\/\/elalifato.blog\/index.php\/2026\/01\/07\/luchar-y-morir-lejos-de-casa-soldados-indigenas-en-la-guerra-civil-espanola\/"},"author":{"name":"Adriana Pastor Mancl\u00fas","@id":"https:\/\/elalifato.blog\/#\/schema\/person\/6bc5d4d3e2a3506e66e17752410b50f8"},"headline":"Luchar y morir lejos de casa: soldados ind\u00edgenas en la Guerra Civil Espa\u00f1ola","datePublished":"2026-01-07T12:20:08+00:00","dateModified":"2026-01-07T12:20:09+00:00","mainEntityOfPage":{"@id":"https:\/\/elalifato.blog\/index.php\/2026\/01\/07\/luchar-y-morir-lejos-de-casa-soldados-indigenas-en-la-guerra-civil-espanola\/"},"wordCount":1513,"publisher":{"@id":"https:\/\/elalifato.blog\/#\/schema\/person\/6bc5d4d3e2a3506e66e17752410b50f8"},"image":{"@id":"https:\/\/elalifato.blog\/index.php\/2026\/01\/07\/luchar-y-morir-lejos-de-casa-soldados-indigenas-en-la-guerra-civil-espanola\/#primaryimage"},"thumbnailUrl":"https:\/\/elalifato.blog\/wp-content\/uploads\/2026\/01\/CamScanner-22-05-2025-07.39_05-scaled.jpg","keywords":["colonialismo","critica","ejercitoafricanista","ensayo","guerracivilespa\u00f1ola","historiacontemporanea","memoriahistorica","opinion","racismo","tropascoloniales"],"articleSection":["Investigaciones"],"inLanguage":"es"},{"@type":"WebPage","@id":"https:\/\/elalifato.blog\/index.php\/2026\/01\/07\/luchar-y-morir-lejos-de-casa-soldados-indigenas-en-la-guerra-civil-espanola\/","url":"https:\/\/elalifato.blog\/index.php\/2026\/01\/07\/luchar-y-morir-lejos-de-casa-soldados-indigenas-en-la-guerra-civil-espanola\/","name":"Luchar y morir lejos de casa: soldados ind\u00edgenas en la Guerra Civil Espa\u00f1ola - elalifato.blog","isPartOf":{"@id":"https:\/\/elalifato.blog\/#website"},"primaryImageOfPage":{"@id":"https:\/\/elalifato.blog\/index.php\/2026\/01\/07\/luchar-y-morir-lejos-de-casa-soldados-indigenas-en-la-guerra-civil-espanola\/#primaryimage"},"image":{"@id":"https:\/\/elalifato.blog\/index.php\/2026\/01\/07\/luchar-y-morir-lejos-de-casa-soldados-indigenas-en-la-guerra-civil-espanola\/#primaryimage"},"thumbnailUrl":"https:\/\/elalifato.blog\/wp-content\/uploads\/2026\/01\/CamScanner-22-05-2025-07.39_05-scaled.jpg","datePublished":"2026-01-07T12:20:08+00:00","dateModified":"2026-01-07T12:20:09+00:00","description":"Un an\u00e1lisis cr\u00edtico sobre la construcci\u00f3n colonial del soldado ind\u00edgena en la Guerra Civil Espa\u00f1ola: propaganda, racismo, exotizaci\u00f3n y culto a la muerte.","breadcrumb":{"@id":"https:\/\/elalifato.blog\/index.php\/2026\/01\/07\/luchar-y-morir-lejos-de-casa-soldados-indigenas-en-la-guerra-civil-espanola\/#breadcrumb"},"inLanguage":"es","potentialAction":[{"@type":"ReadAction","target":["https:\/\/elalifato.blog\/index.php\/2026\/01\/07\/luchar-y-morir-lejos-de-casa-soldados-indigenas-en-la-guerra-civil-espanola\/"]}]},{"@type":"ImageObject","inLanguage":"es","@id":"https:\/\/elalifato.blog\/index.php\/2026\/01\/07\/luchar-y-morir-lejos-de-casa-soldados-indigenas-en-la-guerra-civil-espanola\/#primaryimage","url":"https:\/\/elalifato.blog\/wp-content\/uploads\/2026\/01\/CamScanner-22-05-2025-07.39_05-scaled.jpg","contentUrl":"https:\/\/elalifato.blog\/wp-content\/uploads\/2026\/01\/CamScanner-22-05-2025-07.39_05-scaled.jpg","width":1899,"height":2560},{"@type":"BreadcrumbList","@id":"https:\/\/elalifato.blog\/index.php\/2026\/01\/07\/luchar-y-morir-lejos-de-casa-soldados-indigenas-en-la-guerra-civil-espanola\/#breadcrumb","itemListElement":[{"@type":"ListItem","position":1,"name":"Portada","item":"https:\/\/elalifato.blog\/"},{"@type":"ListItem","position":2,"name":"Luchar y morir lejos de casa: soldados ind\u00edgenas en la Guerra Civil Espa\u00f1ola"}]},{"@type":"WebSite","@id":"https:\/\/elalifato.blog\/#website","url":"https:\/\/elalifato.blog\/","name":"elalifato.blog","description":"En elalifato.blog podr\u00e1s leer ensayos y art\u00edculos hist\u00f3ricos relacionados con multitud de temas y \u00e9pocas, historia del arte y antropolog\u00eda de las religiones. Un sitio donde descubrir\u00e1s emplazamientos hist\u00f3ricos que no conoc\u00edas as\u00ed como consejos para visitarlos.","publisher":{"@id":"https:\/\/elalifato.blog\/#\/schema\/person\/6bc5d4d3e2a3506e66e17752410b50f8"},"potentialAction":[{"@type":"SearchAction","target":{"@type":"EntryPoint","urlTemplate":"https:\/\/elalifato.blog\/?s={search_term_string}"},"query-input":"required name=search_term_string"}],"inLanguage":"es"},{"@type":["Person","Organization"],"@id":"https:\/\/elalifato.blog\/#\/schema\/person\/6bc5d4d3e2a3506e66e17752410b50f8","name":"Adriana Pastor Mancl\u00fas","image":{"@type":"ImageObject","inLanguage":"es","@id":"https:\/\/elalifato.blog\/#\/schema\/person\/image\/","url":"https:\/\/elalifato.blog\/wp-content\/uploads\/2023\/09\/elalifatoblog-logo.svg","contentUrl":"https:\/\/elalifato.blog\/wp-content\/uploads\/2023\/09\/elalifatoblog-logo.svg","width":5516,"height":1000,"caption":"Adriana Pastor Mancl\u00fas"},"logo":{"@id":"https:\/\/elalifato.blog\/#\/schema\/person\/image\/"},"description":"Graduada en Historia, Geograf\u00eda e Historia del Arte. Especializada en Historia de las Religiones y Mundo Isl\u00e1mico.","sameAs":["http:\/\/elalifato.blog"],"url":"https:\/\/elalifato.blog\/index.php\/author\/adrianapastor\/"}]}},"_links":{"self":[{"href":"https:\/\/elalifato.blog\/index.php\/wp-json\/wp\/v2\/posts\/1774"}],"collection":[{"href":"https:\/\/elalifato.blog\/index.php\/wp-json\/wp\/v2\/posts"}],"about":[{"href":"https:\/\/elalifato.blog\/index.php\/wp-json\/wp\/v2\/types\/post"}],"author":[{"embeddable":true,"href":"https:\/\/elalifato.blog\/index.php\/wp-json\/wp\/v2\/users\/2"}],"replies":[{"embeddable":true,"href":"https:\/\/elalifato.blog\/index.php\/wp-json\/wp\/v2\/comments?post=1774"}],"version-history":[{"count":4,"href":"https:\/\/elalifato.blog\/index.php\/wp-json\/wp\/v2\/posts\/1774\/revisions"}],"predecessor-version":[{"id":1784,"href":"https:\/\/elalifato.blog\/index.php\/wp-json\/wp\/v2\/posts\/1774\/revisions\/1784"}],"wp:featuredmedia":[{"embeddable":true,"href":"https:\/\/elalifato.blog\/index.php\/wp-json\/wp\/v2\/media\/1779"}],"wp:attachment":[{"href":"https:\/\/elalifato.blog\/index.php\/wp-json\/wp\/v2\/media?parent=1774"}],"wp:term":[{"taxonomy":"category","embeddable":true,"href":"https:\/\/elalifato.blog\/index.php\/wp-json\/wp\/v2\/categories?post=1774"},{"taxonomy":"post_tag","embeddable":true,"href":"https:\/\/elalifato.blog\/index.php\/wp-json\/wp\/v2\/tags?post=1774"}],"curies":[{"name":"wp","href":"https:\/\/api.w.org\/{rel}","templated":true}]}}