{"id":1113,"date":"2022-05-29T14:50:18","date_gmt":"2022-05-29T12:50:18","guid":{"rendered":"https:\/\/elalifatoblog.wordpress.com\/?p=1113"},"modified":"2024-01-30T22:34:41","modified_gmt":"2024-01-30T21:34:41","slug":"feminismo-islamico-musica-rai-aicha-cheb-khaled","status":"publish","type":"post","link":"https:\/\/elalifato.blog\/index.php\/2022\/05\/29\/feminismo-islamico-musica-rai-aicha-cheb-khaled\/","title":{"rendered":"El feminismo isl\u00e1mico en la m\u00fasica Ra\u00ef y su desarrollo: &#8220;A\u00efcha&#8221; &#8211; Cheb Khaled."},"content":{"rendered":"\n<p>En el ensayo que exponemos a continuaci\u00f3n vamos a realizar un <strong>recorrido<\/strong> sobre la <strong>posici\u00f3n inicial de la mujer en el islam<\/strong>, en que ha devenido su situaci\u00f3n desde las \u00faltimas d\u00e9cadas as\u00ed como que le depara al <strong>feminismo isl\u00e1mico en el futuro<\/strong>, a partir de algo tan aparentemente inocente como una canci\u00f3n argelina de los a\u00f1os 90.<\/p>\n\n\n\n<p>\u00bfQu\u00e9 fen\u00f3meno se estaba gestando en el Magreb en los a\u00f1os 90 que inspiraron a <strong>Cheb Khaled <\/strong>a componer \u201c<strong><em>Aicha<\/em><\/strong>\u201d?<\/p>\n\n\n\n<p>Probablemente Khaled como muchos otros magreb\u00edes se <strong>contagi\u00f3<\/strong> del esp\u00edritu de liberaci\u00f3n que comenzaba a calar en sus compatriotas y del que muchos j\u00f3venes participaron, la liberaci\u00f3n y la emancipaci\u00f3n de la mujer en los pa\u00edses isl\u00e1micos; el ascenso de un <strong>feminismo isl\u00e1mico<\/strong> que vio la luz en los a\u00f1os 20, y que comenzaba a empapar la sociedad magreb\u00ed.<\/p>\n\n\n\n<p>Como bien relata la \u00faltima estrofa de \u201cAicha\u201d ella no desea oro ni joyas, <em>\u00abdes barreaux sont des barreaux, m\u00eame en or. Je veux les m\u00eames droits que toi. Du respect pour chaque jour \u00bb <\/em>[Los barrotes son barrotes aunque sean de oro. Yo quiero los mismos derechos que tu. El respeto de cada d\u00eda].<\/p>\n\n\n\n<p>Cheb Khaled, un <strong>referente<\/strong> de la m\u00fasica Rai<a href=\"#_ftn1\" id=\"_ftnref1\">[1]<\/a>, realiza una <strong>cr\u00edtica<\/strong> al constructo social en la que ha crecido y al papel del hombre como verdugo en su relaci\u00f3n con las mujeres.<\/p>\n\n\n\n<p>Aicha es, en esta ocasi\u00f3n, una mujer figurada, pero su nombre puede ser perfectamente un <strong>s\u00edmbolo<\/strong>. No solo por la cantidad de mujeres (musulmanas y no musulmanas) que llevan su nombre sino por ser el nombre de la esposa favorita del profeta, y a su vez un personaje al que no le es ajena la pol\u00e9mica.<\/p>\n\n\n\n<p>La Aicha del profeta Mohammed era una mujer <strong>elocuente, inteligente<\/strong> y de cuya sabidur\u00eda se sirvi\u00f3 el enviado de Dios en numerosas ocasiones. Aicha <strong>ocup\u00f3 puestos<\/strong> en el \u00e1mbito pol\u00edtico y militar de la <em>Umma<\/em> que provoc\u00f3 la aparici\u00f3n de muchos <strong>detractores<\/strong> y el despertar de muchas <strong>envidias<\/strong>. Pero fue un episodio anecd\u00f3tico que se relata con tintes de novela caballeresca, el <strong>arma arrojadiza<\/strong> que fue utilizada por el clan enemigo de Mohammed, para acusar a su esposa favorita de adulterio<a href=\"#_ftn2\" id=\"_ftnref2\">[2]<\/a> (Mart\u00ednez Carrasco, 2020, p. 24).<\/p>\n\n\n\n<p>A pesar de este conflicto y otros que se suceder\u00e1n, especialmente a partir de la muerte del profeta y el comienzo de la primera <em>fitna<\/em>, deja relucir que las actuaciones de Aisha se asemejaban m\u00e1s a las de \u201c<strong>una se\u00f1ora de guerra\u201d<\/strong> que a una simple joven rebelde y consentida como se la quiso retratar por sus detractores: <em>\u201cAicha es un ejemplo paradigm\u00e1tico de esa voluntad de romper ciertos clich\u00e9s que tienen que ver con el confinamiento de la mujer en el espacio privado del hogar y sin ninguna implicaci\u00f3n en la vida p\u00fablica\u201d <\/em>(Mart\u00ednez Carrasco, 2020, p. 40).<\/p>\n\n\n\n<p>\u00bfPodr\u00eda ser, por tanto, la misma Aicha bint Abu Bakr la fuente de inspiraci\u00f3n de Cheb Khaled? Probablemente no, pero la <strong>madre de los creyentes<\/strong> si pod\u00eda ser un <strong>ejemplo<\/strong> para el creciente feminismo que iba calando en la sociedad y que inspir\u00f3 la tem\u00e1tica de esta canci\u00f3n.<\/p>\n\n\n\n<p>Para entrar en el <strong>an\u00e1lisis<\/strong> en profundidad del <strong>contexto hist\u00f3rico, social y pol\u00edtico<\/strong> que dieron a luz el <strong>feminismo isl\u00e1mico<\/strong> tal y como lo conocemos hoy en d\u00eda, hemos de asentar la posici\u00f3n hist\u00f3rica que reserva el propio Islam a la mujer.<\/p>\n\n\n\n<p>En la <strong>religi\u00f3n isl\u00e1mica<\/strong>, como en cualquier religi\u00f3n monote\u00edsta, las relaciones hombre \u2013 mujer son <strong>asim\u00e9tricas<\/strong>, es decir, la mujer se encuentra en consideraci\u00f3n por debajo del hombre, y aunque no es un asunto que concierna en exclusiva al mundo isl\u00e1mico parece que es una de las caracter\u00edsticas que m\u00e1s nos llaman la atenci\u00f3n desde el punto de vista occidental.<\/p>\n\n\n\n<p>El Cor\u00e1n habla sobre los <strong>derechos de hombre y mujer<\/strong> en estos t\u00e9rminos: <em>\u201cLas mujeres tienen sobre los esposos id\u00e9nticos derechos que ellos tienen sobre ellas, seg\u00fan es conocido; pero los hombres tienen sobre ellas preeminencias&#8221;<\/em> (Cor\u00e1n II, 228) o tambi\u00e9n sobre la <strong>validez de los testigos<\/strong> \u201c<em>Si no encontr\u00e1is dos hombres, requerid a un hombre y dos mujeres de quienes est\u00e9is satisfechos [\u2026] si una de ellas yerra, la otra le har\u00e1 recordar\u201d<\/em> (Cor\u00e1n II, 282).<\/p>\n\n\n\n<p>Quiz\u00e1s porque esta emancipaci\u00f3n femenina se ha dado posteriormente, o se han silenciado con mayor facilidad; quiz\u00e1s porque la tradici\u00f3n y la religi\u00f3n esta m\u00e1s asentada en el \u00e1mbito privado y pol\u00edtico que en Occidente, lo cierto es que las <strong>mujeres en pa\u00edses<\/strong> <strong>isl\u00e1micos<\/strong> <strong>gozan de menos derechos <\/strong>que en pa\u00edses occidentales. Pero \u00bfResponde este escenario a una <strong>cuesti\u00f3n exclusivamente religiosa<\/strong>, o tras este pretexto se enconde el <strong>patriarcado<\/strong><a href=\"#_ftn3\" id=\"_ftnref3\">[3]<\/a>&nbsp; que no permite deconstruir una situaci\u00f3n que durante siglos le ha sido favorable?<\/p>\n\n\n\n<p>Si abordamos el <strong>primer vers\u00edculo<\/strong> expuesto en p\u00e1rrafos anteriores y realizamos una lectura desde el <strong>punto de vista feminista<\/strong>, podemos interpretar que estos derechos son diferentes porque ambos sexos poseen capacidades distintas, entonces nos surge la duda de \u00bfPor qu\u00e9 han de ser considerados mejores los derechos reservados al hombre que los de la mujer? Si en las primeras l\u00edneas del vers\u00edculo podemos asistir a la afirmaci\u00f3n de que ambos sexos tienen derechos similares (Touzenis, 2007).<\/p>\n\n\n\n<p>Si planteamos la segunda sura expuesta, explicada desde la perspectiva del <strong>feminismo isl\u00e1mico<\/strong> se acudir\u00eda a hechos cient\u00edficos que justificar\u00edan \u201cla p\u00e9rdida de memoria femenina\u201d en casos excepcionales como el embarazo, el postparto o la menopausia (Touzenis, 2007) justificando as\u00ed la necesidad de dos mujeres como testigo, como indica el Cor\u00e1n.<\/p>\n\n\n\n<p>Esta exposici\u00f3n de las <strong>diferentes interpretaciones<\/strong> que pueden tener las azoras, responder\u00eda a la pregunta planteada anteriormente. El Cor\u00e1n como cualquier texto escrito est\u00e1 sujeto a interpretaci\u00f3n a pesar de que haya sido un libro revelado, debe de poder ser <strong>adaptable a los tiempos<\/strong>: <em>\u201cEn cualquier caso entienden que dichos textos discriminatorios no pueden considerarse normativos aqu\u00ed y ahora<\/em>\u201d (Tamayo, 24 de agosto de 2009) y este es el objetivo del feminismo isl\u00e1mico: deconstruir el supuesto saber general acudiendo al <strong>n\u00facleo del islam<\/strong>, la defensa de la igualdad de derechos y justicia social.<\/p>\n\n\n\n<p>Este <strong>feminismo,<\/strong> que al comienzo de su alumbramiento, reh\u00fasa a llamarse \u201cisl\u00e1mico\u201d (Badran, 2009, p. 70) resurge fortalecido en los 90 con la intenci\u00f3n de reajustar el mensaje inicial tras siglos de manipulaci\u00f3n. <\/p>\n\n\n\n<p>\u00bfEl feminismo isl\u00e1mico est\u00e1 <strong>limitado<\/strong> a este \u00e1mbito o es el fruto de <strong>otras reivindicaciones<\/strong>? Podemos afirmar con casi total seguridad que el feminismo isl\u00e1mico es un \u201chijo <em>no deseado\u201d<\/em> <a id=\"_ftnref4\" href=\"#_ftn4\">[4]<\/a> del islam pol\u00edtico.&nbsp;<em>Aunque hay autores (y sobre todo autoras) que piensan y sostienen todo lo contrario. Que es un producto justamente del islamismo pol\u00edtico, un producto de f\u00e1cil venta adem\u00e1s, sobre todo el llamado \u00abfeminismo isl\u00e1mico\u00bb de finales s. XX e inicios XXI (no el feminismo \u00abcl\u00e1sico\u00bb de la primera mitad del s. XX, Hoda Sharawi y sus compa\u00f1eras)<\/em> (Miguel Grajales Pedrosa,  2022).<\/p>\n\n\n\n<p>Como bien comenta Margot Badran en \u201cFeminism in Islam: Secular and Religious Convergences\u201d, el feminismo isl\u00e1mico surgi\u00f3 en las zonas donde m\u00e1s hab\u00eda perdurado el islam pol\u00edtico, estos intentos de <strong>silenciar<\/strong> las reivindicaciones femeninas solo dieron lugar a que estos molestos <strong>grupos feministas<\/strong>, a ojos del conservadurismo del islam pol\u00edtico, <strong>se separaran<\/strong> de este en favor de las <strong>reivindicaciones propias<\/strong> (como en el caso de Turqu\u00eda) ademas de los <strong>surgidos a ra\u00edz de las luchas anticoloniales propias del Magreb<\/strong>.<\/p>\n\n\n\n<p>Con estas luchas anticoloniales tambi\u00e9n surgen las primeras <strong>reivindicaciones por la igualdad de g\u00e9nero<\/strong> que encanar\u00e1 la figura de <strong>Huda Shaarawi<\/strong>, que destap\u00f3 el velo para dejar ver su cara como protesta en los a\u00f1os 20, para m\u00e1s tarde terminar fundando la Uni\u00f3n Feminista Egipcia (Blanco, 16 de julio de 2020).<\/p>\n\n\n\n<p>Pero como cualquier otro movimiento reivindicativo, <strong>el feminismo isl\u00e1mico<\/strong> no es ajeno a los <strong>detractores<\/strong> que consideran que no es posible que el t\u00e9rmino \u201csumisi\u00f3n\u201d propio del islam vaya de la mano con la igualdad de derechos que aclama el feminismo en general.<\/p>\n\n\n\n<p>Una de las m\u00e1s <strong>cr\u00edticas<\/strong> con esta cuesti\u00f3n ha sido Wassyla Tamzali, activista argelina, la cual cree imposible que el feminismo isl\u00e1mico pueda darse por s\u00ed mismo por tener significados completamente opuestos, incluso considera que se tratar\u00eda de un producto creado para contribuir a la alienaci\u00f3n femenina.<\/p>\n\n\n\n<p>Al hilo de esta cuesti\u00f3n existe tambi\u00e9n el argumento de que el feminismo isl\u00e1mico no <strong>abarcar\u00eda<\/strong> a la totalidad de las mujeres \u00e1rabes, sino simplemente a las musulmanas. No se puede entender el feminismo isl\u00e1mico como movimiento pol\u00edtico de la misma forma que no existe un feminismo cristiano<a href=\"#_ftn5\" id=\"_ftnref5\">[5]<\/a> puesto que <strong>religi\u00f3n y el Estado<\/strong> deber\u00edan ser dos <strong>sujetos diferenciadas<\/strong> que no pueden converger de la misma manera. Insisten en que las musulmanas se niegan a unirse al movimiento feminista, por no reflejar su identidad y su situaci\u00f3n real pero eso no es justificaci\u00f3n para crear un movimiento en torno a una religi\u00f3n (\u00d6zg\u00fcr G\u00fcnes \u00d6zt\u00fcrk, 30 de septiembre de 2018).<\/p>\n\n\n\n<p>Pero esta visi\u00f3n del <strong>feminismo occidental<\/strong> no es una cuesti\u00f3n que nos concierne realmente pues no retrata el contexto de las mujeres a ojos del islam y ciudadanas de pa\u00edses isl\u00e1micos, de la misma manera que, como bien hemos comentado anteriormente, no responde a las realidades de las mujeres musulmanas.<\/p>\n\n\n\n<p>Ziba Mir Hosseini podr\u00eda rebatir los argumentos anteriormente expuestos contrarios al feminismo isl\u00e1mico, destacando especialmente que ellas <strong>no pueden negar la realidad de sus Estados<\/strong>. No es posible la emancipaci\u00f3n de la mujer musulmana sin el islam porque los Estados de los que son ciudadanas raras veces son laicos.&nbsp; Este es uno de los motivos, entre muchos otros, por lo que el feminismo isl\u00e1mico se vuelve imprescindible.<\/p>\n\n\n\n<p>A su vez, los argumentos a favor del feminismo isl\u00e1mico vuelven a girar en torno a una cuesti\u00f3n que hemos ido desgranando a lo largo de nuestro relato, la <strong>lucha contra la manipulaci\u00f3n del patriarcado <\/strong>del Libro Sagrado, de la Sunna y los Hadices.<\/p>\n\n\n\n<p>Ante el ox\u00edmoron propuesto por la activista argelina Wassyla Tamzali tenemos la redundancia que significa para Sirin Adlbi Sibai&nbsp;el feminismo y el islam, la igualdad de derechos. Es muy importante destacar la idea que se desliza del argumento de Sirin en contra del <strong>feminismo hegem\u00f3nico<\/strong> o feminismo occidental, y es que como ella bien comenta: <em>\u201cEl feminismo hegem\u00f3nico ha estado imponiendo una serie de discursos, ha ido dirigido hacia un sujeto determinado, que son las mujeres blancas, occidentales, burguesas\u2026 [\u2026] Este tipo de feminismo ha excluido a todas esas mujeres del llamado tercer mundo\u201d<\/em><\/p>\n\n\n\n<p>Ante el abandono de las realidades de las mujeres musulmanas por parte del feminismo hegem\u00f3nico u occidental, este <strong>feminismo isl\u00e1mico<\/strong>, <strong>creado por ellas y para ellas<\/strong>, se vuelve imprescindible para ahora y para los d\u00edas venideros pues retrata las situaciones reales y los conflictos a los que han de hacer frente continuamente.<\/p>\n\n\n\n<p>Es por ello que desde distintos puntos de la sociedad compuesta por mujeres musulmanas, el <strong>velo<\/strong> que tantas pol\u00e9micas genera y ha generado se ha convertido en un <strong>s\u00edmbolo<\/strong> de protesta, no solo religioso, sino tambi\u00e9n feminista. Pues las mujeres musulmanas ademas de hacer frente al <strong>machismo<\/strong>, tienen que afrontar tambi\u00e9n el <strong>racismo<\/strong> de la sociedad occidental (Leticia Romero, 11 de enero de 2022)<\/p>\n\n\n\n<p>Este velo para muchas mujeres supone una reivindicaci\u00f3n de sus capacidades, de sus or\u00edgenes y de la <strong>desigualdad de condiciones y oportunidades<\/strong> a las que se van a ver sometidas. A pesar de que la liberaci\u00f3n de su uso para las antecesoras supusiera una ruptura respecto al constructo patriarcal.&nbsp;<\/p>\n\n\n\n<p>Esta <strong>visi\u00f3n occidental<\/strong> del velo como <strong>s\u00edmbolo de represi\u00f3n<\/strong>, responde inconscientemente al sentimiento colonialista y a la <strong>infantilizaci\u00f3n<\/strong> propia de Occidente en el que se vuelve imprescindible para \u201cliberar\u201d a la poblaci\u00f3n sometida de un Estado opresor, sin tener en cuenta las libertades individuales de cada una de las ciudadanas.<\/p>\n\n\n\n<p>Por lo que podemos <strong>concluir<\/strong> que sin duda, el feminismo isl\u00e1mico tiene <strong>proyecci\u00f3n futura<\/strong> encarnado en activistas como Imane Raissali (Miss Raissa) Hajar Brown o Sirin Adlbi Sibai, entre muchas otras, que continuar\u00e1 <strong>adapt\u00e1ndose<\/strong> como lo ha estado haciendo durante las \u00faltimas d\u00e9cadas a las necesidades concretas del contexto social y pol\u00edtico. Quedando \u201c<em>Aicha<\/em>\u201d de Cheb Khaled como un himno que resuena en los o\u00eddos de las mujeres y las j\u00f3venes que sue\u00f1an con que esa libertad, lejos de las jaulas de oro, sea alg\u00fan d\u00eda real.<\/p>\n\n\n\n<h1 class=\"wp-block-heading has-text-align-center\"><a rel=\"noreferrer noopener\" href=\"https:\/\/youtu.be\/gzlHucbD76U\" target=\"_blank\">&#8220;Aicha&#8221; &#8211; Cheb Khaled<\/a><\/h1>\n\n\n\n<h2 class=\"wp-block-heading\">Referencias a pie de p\u00e1gina:<\/h2>\n\n\n\n<p><a id=\"_ftn1\" href=\"#_ftnref1\">[1]<\/a> La m\u00fasica Rai naci\u00f3 en Or\u00e1n a principios del s. XX y su uso se extendi\u00f3 por todo el Magreb. Las canciones cuentan con un tono de protesta sobre cuestiones externas, pero tambi\u00e9n internas (G\u00f3mez Mu\u00f1oz, 28 de julio de 2018).<\/p>\n\n\n\n<p><a href=\"#_ftnref2\" id=\"_ftn2\">[2]<\/a> El tambi\u00e9n llamado \u201casunto de la mentira\u201d <em>(\u2018ifk)<\/em> (Mart\u00ednez Carrasco, 2020, p. 30) supon\u00eda un ataque directo al honor de la esposa del profeta y por tanto al mismo Mohammed y toda la Umma. Pues, como ocurre en otras culturas, durante largo tiempo las mujeres eran las encargadas de preservar el honor de las familias.<\/p>\n\n\n\n<p><a href=\"#_ftnref3\" id=\"_ftn3\">[3]<\/a> La cr\u00edtica a la manipulaci\u00f3n religiosa por parte del patriarcado se desliza de todos los argumentos expuestos por autoras que han abordado el feminismo isl\u00e1mico (Badran, 2009, p. 70) (Haddad, 2010, p. 24)<\/p>\n\n\n\n<p><a href=\"#_ftnref4\" id=\"_ftn4\">[4]<\/a> Utilizamos el t\u00e9rmino \u201chijo no deseado\u201d en referencia a la relaci\u00f3n hist\u00f3rica que guardan el islam pol\u00edtico y el feminismo isl\u00e1mico. Ambos responden a los primeros movimientos anticolonialistas y al desarrollo del panarabismo como identidad, pero existe un conflicto de ideas pol\u00edticas entre unos y otros a pesar de que el nexo com\u00fan sea el mismo. El conservadurismo del islam pol\u00edtico choca de frente con el liberalismo y la emancipaci\u00f3n propia del feminismo isl\u00e1mico.<\/p>\n\n\n\n<p><a id=\"_ftn5\" href=\"#_ftnref5\">[5]<\/a> Esta cuesti\u00f3n podr\u00eda rebatirse pues el feminismo cristiano tambi\u00e9n existe (Moreno Seco, 2005).<\/p>\n\n\n\n<hr class=\"wp-block-separator has-alpha-channel-opacity\"\/>\n\n\n\n<h2 class=\"wp-block-heading\">Bibliograf\u00eda:<\/h2>\n\n\n\n<p>ALDIBI SIBAI, S. (11 de septiembre de 2017) \u201c<em>M\u00e1s all\u00e1 del feminismo isl\u00e1mico: redefiniendo la islamofobia y el patriarcado\u201d<\/em> Journal of Feminist, Gender and Women Studies n\u00ba 6. Universidad Aut\u00f3noma de Madrid.<\/p>\n\n\n\n<p>BADRAN, M (2009) \u201c<em>Feminismo isl\u00e1mico en marcha<\/em>\u201d En: BADRAN MARGOT, Feminism in Islam: Secular and Religious Convergences. Oxford, Oneworld Publications (pp. 69 \u2013 84).<\/p>\n\n\n\n<p>BRAMON, D. (2007) <em>\u201cCap\u00edtol 4. Les desigualtats que no provenen de la doctrina de l&#8217;islam&#8221;.<\/em> En: Dolors Bramon. Ser dona i musulmana. Barcelona: Cruilla: Fundaci\u00f3 Joan Maragall. (pp. 117-147).<\/p>\n\n\n\n<p>BLANCO, J. (16 de julio de 2020) <em>\u201c<\/em><em>Feminismo isl\u00e1mico, una lucha contra el colonialismo y el patriarcado\u201d<\/em> El Orden Mundial. <a href=\"https:\/\/elordenmundial.com\/feminismo-islamico\/\">Feminismo isl\u00e1mico, una lucha contra el colonialismo y el patriarcado &#8211; El Orden Mundial &#8211; EOM<\/a><\/p>\n\n\n\n<p>DORIA, S. (27 de marzo de 2011) \u201cEl feminismo isl\u00e1mico no existe\u201d ABC Internacional. ABC. <a href=\"https:\/\/www.abc.es\/internacional\/abcp-feminismo-islamico-existe-wassyla-201103270000_noticia.html\">\u00abEl feminismo isl\u00e1mico no existe\u00bb (abc.es)<\/a><\/p>\n\n\n\n<p>GALARRAGA GORT\u00c1ZAR, N. (1 de noviembre de 2010) \u201cFeminismo e islam pueden ser una buena pareja\u201d El Pa\u00eds. <a href=\"https:\/\/elpais.com\/diario\/2010\/11\/01\/sociedad\/1288566004_850215.html\">&#8220;Feminismo e islam pueden ser una buena pareja&#8221; | Sociedad | EL PA\u00cdS (elpais.com)<\/a><\/p>\n\n\n\n<p>G\u00dcNEZ OZT\u00dcRK, O. (30 de septiembre de 2018). \u201c<em>Cuestionando el feminismo isl\u00e1mico\u201d<\/em> El Salto Diario. <a href=\"https:\/\/www.elsaltodiario.com\/polirika\/cuestionando-el-feminismo-islamico\">Feminismos | Cuestionando el feminismo isl\u00e1mico &#8211; El Salto &#8211; Edici\u00f3n General (elsaltodiario.com)<\/a><\/p>\n\n\n\n<p>FERN\u00c1NDEZ GUERRERO, O. (2011). <em>\u201cLas mujeres en el Islam: Una aproximaci\u00f3n<\/em>\u201d BROCAR, 35. UNED (Centro Asociado de La Rioja) (pp. 267 \u2013 286).<\/p>\n\n\n\n<p>FEIXAS, T. (2021) \u201c<em>Mujeres Valientes<\/em>\u201d Ediciones Pen\u00ednsula. Barcelona.<\/p>\n\n\n\n<p>G\u00d3MEZ MU\u00d1EZ, J (28 de julio de 2018) <em>\u201cLa m\u00fasica \u201cRa\u00ef\u201d, el blues del Magreb\u201d<\/em> France24. <a href=\"https:\/\/www.france24.com\/es\/20180728-cultura-musica-rai-magreb\">La m\u00fasica &#8220;Ra\u00ef&#8221;, el blues \u00e1rabe del Magreb &#8211; Cultura (france24.com)<\/a><\/p>\n\n\n\n<p>HADDAD, J. (2011) <em>\u201cYo mat\u00e9 a Sherezade. Confesiones de una mujer \u00e1rabe furiosa\u201d<\/em> Random House Mondadori, S. A. Travessera de Gr\u00e0cia, Barcelona. (pp. 17 \u2013 30).<\/p>\n\n\n\n<p>KHALED (1996) \u201c<em>Aicha<\/em>\u201d Capitol Music France. <a href=\"https:\/\/www.youtube.com\/watch?v=gzlHucbD76U\">(631) Khaled &#8211; Aicha &#8211; YouTube<\/a><\/p>\n\n\n\n<p>MARTINEZ CARRASCO, C. (2020) <em>\u201c<\/em><em>\u02bf\u0100\u02be\u02beisha bint ab\u012b bakr: mujer, guerra y poder en la arabia paleo-isl\u00e1mica antes de la primera fitna\u201d<\/em> Universidad de Granada. (pp. 17 \u2013 42)<\/p>\n\n\n\n<p>MEDINA, M. A. (1 de febrero de 2017) <em>\u201cEl feminismo isl\u00e1mico es una redundancia, el islam es igualitario\u201d<\/em> El Pa\u00eds. <a href=\"https:\/\/elpais.com\/elpais\/2017\/01\/30\/mujeres\/1485795896_922432.html\">\u201cEl feminismo isl\u00e1mico es una redundancia, el islam es igualitario\u201d | Mujeres | EL PA\u00cdS (elpais.com)<\/a><\/p>\n\n\n\n<p>MORENO SECO, M. (2005) <em>\u201cCristianas por el feminismo y la democracia. Catolicismo femenino y movilizaci\u00f3n en los a\u00f1os setenta\u201d <\/em>Fundaci\u00f3n Instituto de Historia Social (pp. 137 \u2013 153).<\/p>\n\n\n\n<p>ROMERO, L (11 de enero de 2022) <em>\u201cMiss Raissa: Llevo velo para que otras chicas puedan ver que pueden hacer lo que les d\u00e9 la gana\u201d <\/em>RTVE <a href=\"https:\/\/www.rtve.es\/playz\/20220111\/entrevista-miss-raisa\/2253041.shtml\">Miss Raisa: &#8220;Llevo velo para que otras chicas vean que pueden hacer lo que les d\u00e9 la gana&#8221; (rtve.es)<\/a><\/p>\n\n\n\n<p>TAMAYO, J.J. (24 de agosto de 2009) <em>\u201cMujeres en el islam: tradici\u00f3n o emancipaci\u00f3n\u201d<\/em> El Pa\u00eds. <a href=\"https:\/\/elpais.com\/diario\/2009\/08\/24\/opinion\/1251064805_850215.html\">Mujeres en el islam: tradici\u00f3n o emancipaci\u00f3n | Opini\u00f3n | EL PA\u00cdS (elpais.com)<\/a><\/p>\n\n\n\n<p>TOUZENIS, K. (2007) <em>&#8220;Looking Through Veils. Women&#8217;s rights in Islam&#8221;.<\/em> Journal of Philosophy of International Law and Global Politics.<\/p>\n\n\n\n<p>VIDAL CASTRO, F. (2016) <em>\u201c<\/em><em>El tratamiento de la infancia y los derechos del ni\u00f1o en el derecho isl\u00e1mico con especial referencia a la escuela m\u0101lik\u00ed y a al-Andalus\u201d.<\/em> Anaquel de Estudios \u00c1rabes, vol. 27 (pp. 201 \u2013 238).<\/p>\n\n\n\n<hr class=\"wp-block-separator has-alpha-channel-opacity\"\/>\n\n\n\n<p>Foto de Gigi Ibrahim &#8211; Flickr.<\/p>\n","protected":false},"excerpt":{"rendered":"<p>En el ensayo que exponemos a continuaci\u00f3n vamos a realizar un recorrido sobre la posici\u00f3n inicial de la mujer en el islam, en que ha devenido su situaci\u00f3n desde las \u00faltimas d\u00e9cadas as\u00ed como que le depara al feminismo isl\u00e1mico en el futuro, a partir de algo tan aparentemente inocente como una canci\u00f3n argelina de [&hellip;]<\/p>\n","protected":false},"author":2,"featured_media":1673,"comment_status":"open","ping_status":"open","sticky":true,"template":"","format":"standard","meta":{"footnotes":""},"categories":[72],"tags":[14,20,21,25,34,45,46,47,54],"yoast_head":"<!-- This site is optimized with the Yoast SEO plugin v22.6 - https:\/\/yoast.com\/wordpress\/plugins\/seo\/ -->\n<title>El feminismo isl\u00e1mico en la m\u00fasica Ra\u00ef y su desarrollo: &quot;A\u00efcha&quot; - Cheb Khaled. - elalifato.blog<\/title>\n<meta name=\"robots\" content=\"index, follow, max-snippet:-1, max-image-preview:large, max-video-preview:-1\" \/>\n<link rel=\"canonical\" href=\"https:\/\/elalifato.blog\/index.php\/2022\/05\/29\/feminismo-islamico-musica-rai-aicha-cheb-khaled\/\" \/>\n<meta property=\"og:locale\" content=\"es_ES\" \/>\n<meta property=\"og:type\" content=\"article\" \/>\n<meta property=\"og:title\" content=\"El feminismo isl\u00e1mico en la m\u00fasica Ra\u00ef y su desarrollo: &quot;A\u00efcha&quot; - Cheb Khaled. - elalifato.blog\" \/>\n<meta property=\"og:description\" content=\"En el ensayo que exponemos a continuaci\u00f3n vamos a realizar un recorrido sobre la posici\u00f3n inicial de la mujer en el islam, en que ha devenido su situaci\u00f3n desde las \u00faltimas d\u00e9cadas as\u00ed como que le depara al feminismo isl\u00e1mico en el futuro, a partir de algo tan aparentemente inocente como una canci\u00f3n argelina de [&hellip;]\" \/>\n<meta property=\"og:url\" content=\"https:\/\/elalifato.blog\/index.php\/2022\/05\/29\/feminismo-islamico-musica-rai-aicha-cheb-khaled\/\" \/>\n<meta property=\"og:site_name\" content=\"elalifato.blog\" \/>\n<meta property=\"article:published_time\" content=\"2022-05-29T12:50:18+00:00\" \/>\n<meta property=\"article:modified_time\" content=\"2024-01-30T21:34:41+00:00\" \/>\n<meta property=\"og:image\" content=\"https:\/\/elalifato.blog\/wp-content\/uploads\/2022\/05\/9701dd9e1aa679e05bec10c3fc22527629308c41-1.jpeg\" \/>\n\t<meta property=\"og:image:width\" content=\"958\" \/>\n\t<meta property=\"og:image:height\" content=\"639\" \/>\n\t<meta property=\"og:image:type\" content=\"image\/jpeg\" \/>\n<meta name=\"author\" content=\"Adriana Pastor Mancl\u00fas\" \/>\n<meta name=\"twitter:card\" content=\"summary_large_image\" \/>\n<meta name=\"twitter:label1\" content=\"Escrito por\" \/>\n\t<meta name=\"twitter:data1\" content=\"Adriana Pastor Mancl\u00fas\" \/>\n\t<meta name=\"twitter:label2\" content=\"Tiempo de lectura\" \/>\n\t<meta name=\"twitter:data2\" content=\"13 minutos\" \/>\n<script type=\"application\/ld+json\" class=\"yoast-schema-graph\">{\"@context\":\"https:\/\/schema.org\",\"@graph\":[{\"@type\":\"Article\",\"@id\":\"https:\/\/elalifato.blog\/index.php\/2022\/05\/29\/feminismo-islamico-musica-rai-aicha-cheb-khaled\/#article\",\"isPartOf\":{\"@id\":\"https:\/\/elalifato.blog\/index.php\/2022\/05\/29\/feminismo-islamico-musica-rai-aicha-cheb-khaled\/\"},\"author\":{\"name\":\"Adriana Pastor Mancl\u00fas\",\"@id\":\"https:\/\/elalifato.blog\/#\/schema\/person\/6bc5d4d3e2a3506e66e17752410b50f8\"},\"headline\":\"El feminismo isl\u00e1mico en la m\u00fasica Ra\u00ef y su desarrollo: &#8220;A\u00efcha&#8221; &#8211; Cheb Khaled.\",\"datePublished\":\"2022-05-29T12:50:18+00:00\",\"dateModified\":\"2024-01-30T21:34:41+00:00\",\"mainEntityOfPage\":{\"@id\":\"https:\/\/elalifato.blog\/index.php\/2022\/05\/29\/feminismo-islamico-musica-rai-aicha-cheb-khaled\/\"},\"wordCount\":2957,\"commentCount\":2,\"publisher\":{\"@id\":\"https:\/\/elalifato.blog\/#\/schema\/person\/6bc5d4d3e2a3506e66e17752410b50f8\"},\"image\":{\"@id\":\"https:\/\/elalifato.blog\/index.php\/2022\/05\/29\/feminismo-islamico-musica-rai-aicha-cheb-khaled\/#primaryimage\"},\"thumbnailUrl\":\"https:\/\/elalifato.blog\/wp-content\/uploads\/2022\/05\/9701dd9e1aa679e05bec10c3fc22527629308c41-1.jpeg\",\"keywords\":[\"blog\",\"critica\",\"cultura\",\"ensayo\",\"islam\",\"occidente\",\"opinion\",\"opinionpolitica\",\"religion\"],\"articleSection\":[\"Investigaciones\"],\"inLanguage\":\"es\",\"potentialAction\":[{\"@type\":\"CommentAction\",\"name\":\"Comment\",\"target\":[\"https:\/\/elalifato.blog\/index.php\/2022\/05\/29\/feminismo-islamico-musica-rai-aicha-cheb-khaled\/#respond\"]}]},{\"@type\":\"WebPage\",\"@id\":\"https:\/\/elalifato.blog\/index.php\/2022\/05\/29\/feminismo-islamico-musica-rai-aicha-cheb-khaled\/\",\"url\":\"https:\/\/elalifato.blog\/index.php\/2022\/05\/29\/feminismo-islamico-musica-rai-aicha-cheb-khaled\/\",\"name\":\"El feminismo isl\u00e1mico en la m\u00fasica Ra\u00ef y su desarrollo: \\\"A\u00efcha\\\" - Cheb Khaled. - elalifato.blog\",\"isPartOf\":{\"@id\":\"https:\/\/elalifato.blog\/#website\"},\"primaryImageOfPage\":{\"@id\":\"https:\/\/elalifato.blog\/index.php\/2022\/05\/29\/feminismo-islamico-musica-rai-aicha-cheb-khaled\/#primaryimage\"},\"image\":{\"@id\":\"https:\/\/elalifato.blog\/index.php\/2022\/05\/29\/feminismo-islamico-musica-rai-aicha-cheb-khaled\/#primaryimage\"},\"thumbnailUrl\":\"https:\/\/elalifato.blog\/wp-content\/uploads\/2022\/05\/9701dd9e1aa679e05bec10c3fc22527629308c41-1.jpeg\",\"datePublished\":\"2022-05-29T12:50:18+00:00\",\"dateModified\":\"2024-01-30T21:34:41+00:00\",\"breadcrumb\":{\"@id\":\"https:\/\/elalifato.blog\/index.php\/2022\/05\/29\/feminismo-islamico-musica-rai-aicha-cheb-khaled\/#breadcrumb\"},\"inLanguage\":\"es\",\"potentialAction\":[{\"@type\":\"ReadAction\",\"target\":[\"https:\/\/elalifato.blog\/index.php\/2022\/05\/29\/feminismo-islamico-musica-rai-aicha-cheb-khaled\/\"]}]},{\"@type\":\"ImageObject\",\"inLanguage\":\"es\",\"@id\":\"https:\/\/elalifato.blog\/index.php\/2022\/05\/29\/feminismo-islamico-musica-rai-aicha-cheb-khaled\/#primaryimage\",\"url\":\"https:\/\/elalifato.blog\/wp-content\/uploads\/2022\/05\/9701dd9e1aa679e05bec10c3fc22527629308c41-1.jpeg\",\"contentUrl\":\"https:\/\/elalifato.blog\/wp-content\/uploads\/2022\/05\/9701dd9e1aa679e05bec10c3fc22527629308c41-1.jpeg\",\"width\":958,\"height\":639},{\"@type\":\"BreadcrumbList\",\"@id\":\"https:\/\/elalifato.blog\/index.php\/2022\/05\/29\/feminismo-islamico-musica-rai-aicha-cheb-khaled\/#breadcrumb\",\"itemListElement\":[{\"@type\":\"ListItem\",\"position\":1,\"name\":\"Portada\",\"item\":\"https:\/\/elalifato.blog\/\"},{\"@type\":\"ListItem\",\"position\":2,\"name\":\"El feminismo isl\u00e1mico en la m\u00fasica Ra\u00ef y su desarrollo: &#8220;A\u00efcha&#8221; &#8211; Cheb Khaled.\"}]},{\"@type\":\"WebSite\",\"@id\":\"https:\/\/elalifato.blog\/#website\",\"url\":\"https:\/\/elalifato.blog\/\",\"name\":\"elalifato.blog\",\"description\":\"En elalifato.blog podr\u00e1s leer ensayos y art\u00edculos hist\u00f3ricos relacionados con multitud de temas y \u00e9pocas, historia del arte y antropolog\u00eda de las religiones. Un sitio donde descubrir\u00e1s emplazamientos hist\u00f3ricos que no conoc\u00edas as\u00ed como consejos para visitarlos.\",\"publisher\":{\"@id\":\"https:\/\/elalifato.blog\/#\/schema\/person\/6bc5d4d3e2a3506e66e17752410b50f8\"},\"potentialAction\":[{\"@type\":\"SearchAction\",\"target\":{\"@type\":\"EntryPoint\",\"urlTemplate\":\"https:\/\/elalifato.blog\/?s={search_term_string}\"},\"query-input\":\"required name=search_term_string\"}],\"inLanguage\":\"es\"},{\"@type\":[\"Person\",\"Organization\"],\"@id\":\"https:\/\/elalifato.blog\/#\/schema\/person\/6bc5d4d3e2a3506e66e17752410b50f8\",\"name\":\"Adriana Pastor Mancl\u00fas\",\"image\":{\"@type\":\"ImageObject\",\"inLanguage\":\"es\",\"@id\":\"https:\/\/elalifato.blog\/#\/schema\/person\/image\/\",\"url\":\"https:\/\/elalifato.blog\/wp-content\/uploads\/2023\/09\/elalifatoblog-logo.svg\",\"contentUrl\":\"https:\/\/elalifato.blog\/wp-content\/uploads\/2023\/09\/elalifatoblog-logo.svg\",\"width\":5516,\"height\":1000,\"caption\":\"Adriana Pastor Mancl\u00fas\"},\"logo\":{\"@id\":\"https:\/\/elalifato.blog\/#\/schema\/person\/image\/\"},\"description\":\"Graduada en Historia, Geograf\u00eda e Historia del Arte. Especializada en Historia de las Religiones y Mundo Isl\u00e1mico.\",\"sameAs\":[\"http:\/\/elalifato.blog\"],\"url\":\"https:\/\/elalifato.blog\/index.php\/author\/adrianapastor\/\"}]}<\/script>\n<!-- \/ Yoast SEO plugin. -->","yoast_head_json":{"title":"El feminismo isl\u00e1mico en la m\u00fasica Ra\u00ef y su desarrollo: \"A\u00efcha\" - Cheb Khaled. - elalifato.blog","robots":{"index":"index","follow":"follow","max-snippet":"max-snippet:-1","max-image-preview":"max-image-preview:large","max-video-preview":"max-video-preview:-1"},"canonical":"https:\/\/elalifato.blog\/index.php\/2022\/05\/29\/feminismo-islamico-musica-rai-aicha-cheb-khaled\/","og_locale":"es_ES","og_type":"article","og_title":"El feminismo isl\u00e1mico en la m\u00fasica Ra\u00ef y su desarrollo: \"A\u00efcha\" - Cheb Khaled. - elalifato.blog","og_description":"En el ensayo que exponemos a continuaci\u00f3n vamos a realizar un recorrido sobre la posici\u00f3n inicial de la mujer en el islam, en que ha devenido su situaci\u00f3n desde las \u00faltimas d\u00e9cadas as\u00ed como que le depara al feminismo isl\u00e1mico en el futuro, a partir de algo tan aparentemente inocente como una canci\u00f3n argelina de [&hellip;]","og_url":"https:\/\/elalifato.blog\/index.php\/2022\/05\/29\/feminismo-islamico-musica-rai-aicha-cheb-khaled\/","og_site_name":"elalifato.blog","article_published_time":"2022-05-29T12:50:18+00:00","article_modified_time":"2024-01-30T21:34:41+00:00","og_image":[{"width":958,"height":639,"url":"https:\/\/elalifato.blog\/wp-content\/uploads\/2022\/05\/9701dd9e1aa679e05bec10c3fc22527629308c41-1.jpeg","type":"image\/jpeg"}],"author":"Adriana Pastor Mancl\u00fas","twitter_card":"summary_large_image","twitter_misc":{"Escrito por":"Adriana Pastor Mancl\u00fas","Tiempo de lectura":"13 minutos"},"schema":{"@context":"https:\/\/schema.org","@graph":[{"@type":"Article","@id":"https:\/\/elalifato.blog\/index.php\/2022\/05\/29\/feminismo-islamico-musica-rai-aicha-cheb-khaled\/#article","isPartOf":{"@id":"https:\/\/elalifato.blog\/index.php\/2022\/05\/29\/feminismo-islamico-musica-rai-aicha-cheb-khaled\/"},"author":{"name":"Adriana Pastor Mancl\u00fas","@id":"https:\/\/elalifato.blog\/#\/schema\/person\/6bc5d4d3e2a3506e66e17752410b50f8"},"headline":"El feminismo isl\u00e1mico en la m\u00fasica Ra\u00ef y su desarrollo: &#8220;A\u00efcha&#8221; &#8211; Cheb Khaled.","datePublished":"2022-05-29T12:50:18+00:00","dateModified":"2024-01-30T21:34:41+00:00","mainEntityOfPage":{"@id":"https:\/\/elalifato.blog\/index.php\/2022\/05\/29\/feminismo-islamico-musica-rai-aicha-cheb-khaled\/"},"wordCount":2957,"commentCount":2,"publisher":{"@id":"https:\/\/elalifato.blog\/#\/schema\/person\/6bc5d4d3e2a3506e66e17752410b50f8"},"image":{"@id":"https:\/\/elalifato.blog\/index.php\/2022\/05\/29\/feminismo-islamico-musica-rai-aicha-cheb-khaled\/#primaryimage"},"thumbnailUrl":"https:\/\/elalifato.blog\/wp-content\/uploads\/2022\/05\/9701dd9e1aa679e05bec10c3fc22527629308c41-1.jpeg","keywords":["blog","critica","cultura","ensayo","islam","occidente","opinion","opinionpolitica","religion"],"articleSection":["Investigaciones"],"inLanguage":"es","potentialAction":[{"@type":"CommentAction","name":"Comment","target":["https:\/\/elalifato.blog\/index.php\/2022\/05\/29\/feminismo-islamico-musica-rai-aicha-cheb-khaled\/#respond"]}]},{"@type":"WebPage","@id":"https:\/\/elalifato.blog\/index.php\/2022\/05\/29\/feminismo-islamico-musica-rai-aicha-cheb-khaled\/","url":"https:\/\/elalifato.blog\/index.php\/2022\/05\/29\/feminismo-islamico-musica-rai-aicha-cheb-khaled\/","name":"El feminismo isl\u00e1mico en la m\u00fasica Ra\u00ef y su desarrollo: \"A\u00efcha\" - Cheb Khaled. - elalifato.blog","isPartOf":{"@id":"https:\/\/elalifato.blog\/#website"},"primaryImageOfPage":{"@id":"https:\/\/elalifato.blog\/index.php\/2022\/05\/29\/feminismo-islamico-musica-rai-aicha-cheb-khaled\/#primaryimage"},"image":{"@id":"https:\/\/elalifato.blog\/index.php\/2022\/05\/29\/feminismo-islamico-musica-rai-aicha-cheb-khaled\/#primaryimage"},"thumbnailUrl":"https:\/\/elalifato.blog\/wp-content\/uploads\/2022\/05\/9701dd9e1aa679e05bec10c3fc22527629308c41-1.jpeg","datePublished":"2022-05-29T12:50:18+00:00","dateModified":"2024-01-30T21:34:41+00:00","breadcrumb":{"@id":"https:\/\/elalifato.blog\/index.php\/2022\/05\/29\/feminismo-islamico-musica-rai-aicha-cheb-khaled\/#breadcrumb"},"inLanguage":"es","potentialAction":[{"@type":"ReadAction","target":["https:\/\/elalifato.blog\/index.php\/2022\/05\/29\/feminismo-islamico-musica-rai-aicha-cheb-khaled\/"]}]},{"@type":"ImageObject","inLanguage":"es","@id":"https:\/\/elalifato.blog\/index.php\/2022\/05\/29\/feminismo-islamico-musica-rai-aicha-cheb-khaled\/#primaryimage","url":"https:\/\/elalifato.blog\/wp-content\/uploads\/2022\/05\/9701dd9e1aa679e05bec10c3fc22527629308c41-1.jpeg","contentUrl":"https:\/\/elalifato.blog\/wp-content\/uploads\/2022\/05\/9701dd9e1aa679e05bec10c3fc22527629308c41-1.jpeg","width":958,"height":639},{"@type":"BreadcrumbList","@id":"https:\/\/elalifato.blog\/index.php\/2022\/05\/29\/feminismo-islamico-musica-rai-aicha-cheb-khaled\/#breadcrumb","itemListElement":[{"@type":"ListItem","position":1,"name":"Portada","item":"https:\/\/elalifato.blog\/"},{"@type":"ListItem","position":2,"name":"El feminismo isl\u00e1mico en la m\u00fasica Ra\u00ef y su desarrollo: &#8220;A\u00efcha&#8221; &#8211; Cheb Khaled."}]},{"@type":"WebSite","@id":"https:\/\/elalifato.blog\/#website","url":"https:\/\/elalifato.blog\/","name":"elalifato.blog","description":"En elalifato.blog podr\u00e1s leer ensayos y art\u00edculos hist\u00f3ricos relacionados con multitud de temas y \u00e9pocas, historia del arte y antropolog\u00eda de las religiones. Un sitio donde descubrir\u00e1s emplazamientos hist\u00f3ricos que no conoc\u00edas as\u00ed como consejos para visitarlos.","publisher":{"@id":"https:\/\/elalifato.blog\/#\/schema\/person\/6bc5d4d3e2a3506e66e17752410b50f8"},"potentialAction":[{"@type":"SearchAction","target":{"@type":"EntryPoint","urlTemplate":"https:\/\/elalifato.blog\/?s={search_term_string}"},"query-input":"required name=search_term_string"}],"inLanguage":"es"},{"@type":["Person","Organization"],"@id":"https:\/\/elalifato.blog\/#\/schema\/person\/6bc5d4d3e2a3506e66e17752410b50f8","name":"Adriana Pastor Mancl\u00fas","image":{"@type":"ImageObject","inLanguage":"es","@id":"https:\/\/elalifato.blog\/#\/schema\/person\/image\/","url":"https:\/\/elalifato.blog\/wp-content\/uploads\/2023\/09\/elalifatoblog-logo.svg","contentUrl":"https:\/\/elalifato.blog\/wp-content\/uploads\/2023\/09\/elalifatoblog-logo.svg","width":5516,"height":1000,"caption":"Adriana Pastor Mancl\u00fas"},"logo":{"@id":"https:\/\/elalifato.blog\/#\/schema\/person\/image\/"},"description":"Graduada en Historia, Geograf\u00eda e Historia del Arte. Especializada en Historia de las Religiones y Mundo Isl\u00e1mico.","sameAs":["http:\/\/elalifato.blog"],"url":"https:\/\/elalifato.blog\/index.php\/author\/adrianapastor\/"}]}},"_links":{"self":[{"href":"https:\/\/elalifato.blog\/index.php\/wp-json\/wp\/v2\/posts\/1113"}],"collection":[{"href":"https:\/\/elalifato.blog\/index.php\/wp-json\/wp\/v2\/posts"}],"about":[{"href":"https:\/\/elalifato.blog\/index.php\/wp-json\/wp\/v2\/types\/post"}],"author":[{"embeddable":true,"href":"https:\/\/elalifato.blog\/index.php\/wp-json\/wp\/v2\/users\/2"}],"replies":[{"embeddable":true,"href":"https:\/\/elalifato.blog\/index.php\/wp-json\/wp\/v2\/comments?post=1113"}],"version-history":[{"count":4,"href":"https:\/\/elalifato.blog\/index.php\/wp-json\/wp\/v2\/posts\/1113\/revisions"}],"predecessor-version":[{"id":1419,"href":"https:\/\/elalifato.blog\/index.php\/wp-json\/wp\/v2\/posts\/1113\/revisions\/1419"}],"wp:featuredmedia":[{"embeddable":true,"href":"https:\/\/elalifato.blog\/index.php\/wp-json\/wp\/v2\/media\/1673"}],"wp:attachment":[{"href":"https:\/\/elalifato.blog\/index.php\/wp-json\/wp\/v2\/media?parent=1113"}],"wp:term":[{"taxonomy":"category","embeddable":true,"href":"https:\/\/elalifato.blog\/index.php\/wp-json\/wp\/v2\/categories?post=1113"},{"taxonomy":"post_tag","embeddable":true,"href":"https:\/\/elalifato.blog\/index.php\/wp-json\/wp\/v2\/tags?post=1113"}],"curies":[{"name":"wp","href":"https:\/\/api.w.org\/{rel}","templated":true}]}}